{"id":45219,"date":"2026-02-08T15:03:40","date_gmt":"2026-02-08T21:03:40","guid":{"rendered":"https:\/\/gerardoduque.com.mx\/?p=45219"},"modified":"2026-03-15T15:04:33","modified_gmt":"2026-03-15T21:04:33","slug":"estado-reconoce-a-policias-de-soledad-por-proteccion-de-las-mujeres-2","status":"publish","type":"post","link":"https:\/\/gerardoduque.com.mx\/?p=45219","title":{"rendered":"ESTADO RECONOCE A POLIC\u00cdAS DE SOLEDAD POR PROTECCI\u00d3N DE LAS MUJERES"},"content":{"rendered":"\n<p>El Centro de Justicia para las Mujeres (CJM) entreg\u00f3 reconocimientos a 35 integrantes de la Guardia Civil Municipal (GCM) de Soledad de Graciano S\u00e1nchez por su participaci\u00f3n en la capacitaci\u00f3n sobre \u00f3rdenes y medidas de protecci\u00f3n dirigidas a mujeres v\u00edctimas de violencia. La ceremonia forma parte de las acciones que se desarrollan bajo la conducci\u00f3n del Gobernador Ricardo Gallardo Cardona para reforzar la atenci\u00f3n institucional sin l\u00edmites.<\/p>\n\n\n\n<p>En el acto participaron representantes estatales y del municipio, quienes refrendaron la importancia del trabajo conjunto para fortalecer la protecci\u00f3n a las mujeres. Esta coordinaci\u00f3n interinstitucional consolida mecanismos de respuesta m\u00e1s eficaces ante situaciones de riesgo.<\/p>\n\n\n\n<p>La capacitaci\u00f3n se imparti\u00f3 con base en el \u201cProtocolo Especializado para la Tramitaci\u00f3n, Cumplimiento, Control y Seguimiento de \u00d3rdenes de Protecci\u00f3n para las Mujeres, sus Hijas e Hijos en el Estado de San Luis Potos\u00ed\u201d. Su aplicaci\u00f3n establece lineamientos claros de actuaci\u00f3n inmediata, tiempos de respuesta y medidas de seguridad, lo que refleja el cambio que se vive y se siente en la consolidaci\u00f3n de acciones enfocadas en salvaguardar la integridad de las mujeres y sus familias.<\/p>\n","protected":false},"excerpt":{"rendered":"<p>El Centro de Justicia para las Mujeres (CJM) entreg\u00f3 reconocimientos a 35 integrantes de la Guardia Civil Municipal (GCM) de Soledad de Graciano S\u00e1nchez por su participaci\u00f3n en la capacitaci\u00f3n sobre \u00f3rdenes y medidas de protecci\u00f3n dirigidas a mujeres v\u00edctimas de violencia. La ceremonia forma parte de las acciones que se desarrollan bajo la conducci\u00f3n [&hellip;]<\/p>\n","protected":false},"author":4,"featured_media":45220,"comment_status":"closed","ping_status":"closed","sticky":false,"template":"","format":"standard","meta":{"_et_pb_use_builder":"off","_et_pb_old_content":"","_et_gb_content_width":"","footnotes":""},"categories":[280],"tags":[72,66],"class_list":["post-45219","post","type-post","status-publish","format-standard","has-post-thumbnail","hentry","category-gob-slp","tag-gobierno-del-estado","tag-san-luis-potosi"],"_links":{"self":[{"href":"https:\/\/gerardoduque.com.mx\/index.php?rest_route=\/wp\/v2\/posts\/45219","targetHints":{"allow":["GET"]}}],"collection":[{"href":"https:\/\/gerardoduque.com.mx\/index.php?rest_route=\/wp\/v2\/posts"}],"about":[{"href":"https:\/\/gerardoduque.com.mx\/index.php?rest_route=\/wp\/v2\/types\/post"}],"author":[{"embeddable":true,"href":"https:\/\/gerardoduque.com.mx\/index.php?rest_route=\/wp\/v2\/users\/4"}],"replies":[{"embeddable":true,"href":"https:\/\/gerardoduque.com.mx\/index.php?rest_route=%2Fwp%2Fv2%2Fcomments&post=45219"}],"version-history":[{"count":1,"href":"https:\/\/gerardoduque.com.mx\/index.php?rest_route=\/wp\/v2\/posts\/45219\/revisions"}],"predecessor-version":[{"id":45221,"href":"https:\/\/gerardoduque.com.mx\/index.php?rest_route=\/wp\/v2\/posts\/45219\/revisions\/45221"}],"wp:featuredmedia":[{"embeddable":true,"href":"https:\/\/gerardoduque.com.mx\/index.php?rest_route=\/wp\/v2\/media\/45220"}],"wp:attachment":[{"href":"https:\/\/gerardoduque.com.mx\/index.php?rest_route=%2Fwp%2Fv2%2Fmedia&parent=45219"}],"wp:term":[{"taxonomy":"category","embeddable":true,"href":"https:\/\/gerardoduque.com.mx\/index.php?rest_route=%2Fwp%2Fv2%2Fcategories&post=45219"},{"taxonomy":"post_tag","embeddable":true,"href":"https:\/\/gerardoduque.com.mx\/index.php?rest_route=%2Fwp%2Fv2%2Ftags&post=45219"}],"curies":[{"name":"wp","href":"https:\/\/api.w.org\/{rel}","templated":true}]}}