{"id":45183,"date":"2026-03-13T23:28:05","date_gmt":"2026-03-14T05:28:05","guid":{"rendered":"https:\/\/gerardoduque.com.mx\/?p=45183"},"modified":"2026-03-13T23:28:10","modified_gmt":"2026-03-14T05:28:10","slug":"alcalde-david-medina-arranca-colecta-de-cruz-roja-2026","status":"publish","type":"post","link":"https:\/\/gerardoduque.com.mx\/?p=45183","title":{"rendered":"ALCALDE DAVID MEDINA ARRANCA COLECTA DE CRUZ ROJA 2026"},"content":{"rendered":"\n<p>Refrendando su compromiso con las instituciones que trabajan en favor de la vida y el bienestar de la poblaci\u00f3n, el Presidente Municipal particip\u00f3 en el arranque de la Colecta Nacional 2026 de la Cruz Roja Mexicana, Delegaci\u00f3n Ciudad Valles, donde realiz\u00f3 la primera donaci\u00f3n a t\u00edtulo personal y anunci\u00f3 que destinar\u00e1 su pr\u00f3xima quincena para contribuir a esta noble causa.<\/p>\n\n\n\n<p>Durante la ceremonia, realizada bajo el lema \u00abEsto que ves, juntos lo hacemos\u201d, el Alcalde Municipal destac\u00f3 la importancia de fortalecer la participaci\u00f3n ciudadana para respaldar a una instituci\u00f3n que, a lo largo de los a\u00f1os, ha brindado atenci\u00f3n y salvado vidas en momentos cr\u00edticos.<\/p>\n\n\n\n<p>Reiter\u00f3 el respaldo del Gobierno Municipal hacia la instituci\u00f3n, recordando que recientemente el Cabildo aprob\u00f3 las aportaciones del Ayuntamiento para continuar apoyando las labores de la Cruz Roja en el municipio, reafirmando as\u00ed el trabajo coordinado entre sociedad y gobierno para fortalecer la atenci\u00f3n a emergencias y servicios humanitarios.<\/p>\n\n\n\n<p>La Cruz Roja Mexicana, reconocida a nivel mundial por su labor humanitaria, basa su trabajo en siete principios fundamentales: Humanidad, Imparcialidad, Neutralidad, Independencia, Voluntariado, Unidad y Universalidad, valores que orientan cada una de sus acciones en beneficio de la poblaci\u00f3n.<\/p>\n\n\n\n<p>En el evento estuvieron presentes Jes\u00fas Aar\u00f3n Cerecero S\u00e1nchez, Subdelegado Estatal de Cruz Roja Mexicana en San Luis Potos\u00ed; Luis Fernando Carre\u00f3n Jonguitud, Coordinador Estatal de Consejos Delegacionales; Ver\u00f3nica Ram\u00edrez Amaro, Presidenta del Consejo Directivo Local de Cruz Roja Mexicana; el Polic\u00eda Primero Francisco M\u00e1rquez Res\u00e9ndiz, en representaci\u00f3n de la DGSPyTM; Carlos Ernesto Arcudia Hern\u00e1ndez, en representaci\u00f3n de la FEPZH; Alfredo Garc\u00eda Sol\u00eds, presidente del Club Rotario Tantocob; Juana Mar\u00eda Pozos Quezada, presidenta de Damas Voluntarias de Cruz Roja Delegaci\u00f3n Ciudad Valles; la ni\u00f1a Sof\u00eda Mej\u00eda Vel\u00e1zquez, del Instituto Mariano Arista, as\u00ed como invitados especiales.<\/p>\n","protected":false},"excerpt":{"rendered":"<p>El Presidente Municipal David Armando Medina Salazar particip\u00f3 en el inicio de la Colecta Nacional 2026 de la Cruz Roja, realizando la primera donaci\u00f3n a t\u00edtulo personal y comprometi\u00e9ndose a aportar su pr\u00f3xima quincena. Durante el evento destac\u00f3 la importancia de la participaci\u00f3n ciudadana y el respaldo del Gobierno Municipal para fortalecer los servicios humanitarios de la instituci\u00f3n en Ciudad Valles.<\/p>\n","protected":false},"author":4,"featured_media":45184,"comment_status":"closed","ping_status":"closed","sticky":false,"template":"","format":"standard","meta":{"_et_pb_use_builder":"off","_et_pb_old_content":"","_et_gb_content_width":"","footnotes":""},"categories":[62],"tags":[],"class_list":["post-45183","post","type-post","status-publish","format-standard","has-post-thumbnail","hentry","category-redaccion"],"_links":{"self":[{"href":"https:\/\/gerardoduque.com.mx\/index.php?rest_route=\/wp\/v2\/posts\/45183","targetHints":{"allow":["GET"]}}],"collection":[{"href":"https:\/\/gerardoduque.com.mx\/index.php?rest_route=\/wp\/v2\/posts"}],"about":[{"href":"https:\/\/gerardoduque.com.mx\/index.php?rest_route=\/wp\/v2\/types\/post"}],"author":[{"embeddable":true,"href":"https:\/\/gerardoduque.com.mx\/index.php?rest_route=\/wp\/v2\/users\/4"}],"replies":[{"embeddable":true,"href":"https:\/\/gerardoduque.com.mx\/index.php?rest_route=%2Fwp%2Fv2%2Fcomments&post=45183"}],"version-history":[{"count":1,"href":"https:\/\/gerardoduque.com.mx\/index.php?rest_route=\/wp\/v2\/posts\/45183\/revisions"}],"predecessor-version":[{"id":45185,"href":"https:\/\/gerardoduque.com.mx\/index.php?rest_route=\/wp\/v2\/posts\/45183\/revisions\/45185"}],"wp:featuredmedia":[{"embeddable":true,"href":"https:\/\/gerardoduque.com.mx\/index.php?rest_route=\/wp\/v2\/media\/45184"}],"wp:attachment":[{"href":"https:\/\/gerardoduque.com.mx\/index.php?rest_route=%2Fwp%2Fv2%2Fmedia&parent=45183"}],"wp:term":[{"taxonomy":"category","embeddable":true,"href":"https:\/\/gerardoduque.com.mx\/index.php?rest_route=%2Fwp%2Fv2%2Fcategories&post=45183"},{"taxonomy":"post_tag","embeddable":true,"href":"https:\/\/gerardoduque.com.mx\/index.php?rest_route=%2Fwp%2Fv2%2Ftags&post=45183"}],"curies":[{"name":"wp","href":"https:\/\/api.w.org\/{rel}","templated":true}]}}