{"id":45168,"date":"2026-03-13T18:39:41","date_gmt":"2026-03-14T00:39:41","guid":{"rendered":"https:\/\/gerardoduque.com.mx\/?p=45168"},"modified":"2026-03-13T18:39:45","modified_gmt":"2026-03-14T00:39:45","slug":"san-luis-potosi-sera-sede-de-sesion-del-colegio-nacional-del-notariado-mexicano","status":"publish","type":"post","link":"https:\/\/gerardoduque.com.mx\/?p=45168","title":{"rendered":"SAN LUIS POTOS\u00cd SER\u00c1 SEDE DE SESI\u00d3N DEL COLEGIO NACIONAL DEL NOTARIADO MEXICANO"},"content":{"rendered":"\n<p>San Luis Potos\u00ed ser\u00e1 sede de la segunda sesi\u00f3n ordinaria del Consejo Directivo del Colegio Nacional del Notariado Mexicano, encuentro en el que participar\u00e1n representantes del notariado de distintas entidades del pa\u00eds para analizar temas relacionados con el ejercicio notarial y el marco jur\u00eddico.<\/p>\n\n\n\n<p>El evento contar\u00e1 con la participaci\u00f3n de autoridades estatales y representantes del gremio notarial. El gobernador Ricardo Gallardo Cardona se\u00f1al\u00f3 que la reuni\u00f3n permitir\u00e1 intercambiar experiencias sobre herramientas legales y mecanismos vinculados con la certeza jur\u00eddica personal y patrimonial.<\/p>\n\n\n\n<p>El secretario general de Gobierno, J. Guadalupe Torres S\u00e1nchez, indic\u00f3 que el encuentro tambi\u00e9n incluir\u00e1 la revisi\u00f3n de avances en materia notarial en la entidad y el intercambio de informaci\u00f3n sobre procesos administrativos y uso de herramientas tecnol\u00f3gicas en el sector.<\/p>\n\n\n\n<p>De acuerdo con lo informado, la sesi\u00f3n reunir\u00e1 a integrantes del organismo nacional para dialogar sobre temas del ejercicio profesional, as\u00ed como sobre el contexto jur\u00eddico y econ\u00f3mico relacionado con la actividad notarial en el pa\u00eds.<\/p>\n","protected":false},"excerpt":{"rendered":"<p>San Luis Potos\u00ed ser\u00e1 sede de la segunda sesi\u00f3n ordinaria del Consejo Directivo del Colegio Nacional del Notariado Mexicano, donde se revisar\u00e1n temas relacionados con el ejercicio notarial y la certeza jur\u00eddica.<\/p>\n<p>Se realizar\u00e1 en San Luis Potos\u00ed una reuni\u00f3n del Consejo Directivo del Colegio Nacional del Notariado Mexicano con la participaci\u00f3n de representantes del gremio a nivel nacional.<\/p>\n","protected":false},"author":4,"featured_media":45169,"comment_status":"closed","ping_status":"closed","sticky":false,"template":"","format":"standard","meta":{"_et_pb_use_builder":"off","_et_pb_old_content":"","_et_gb_content_width":"","footnotes":""},"categories":[62,280],"tags":[],"class_list":["post-45168","post","type-post","status-publish","format-standard","has-post-thumbnail","hentry","category-redaccion","category-gob-slp"],"_links":{"self":[{"href":"https:\/\/gerardoduque.com.mx\/index.php?rest_route=\/wp\/v2\/posts\/45168","targetHints":{"allow":["GET"]}}],"collection":[{"href":"https:\/\/gerardoduque.com.mx\/index.php?rest_route=\/wp\/v2\/posts"}],"about":[{"href":"https:\/\/gerardoduque.com.mx\/index.php?rest_route=\/wp\/v2\/types\/post"}],"author":[{"embeddable":true,"href":"https:\/\/gerardoduque.com.mx\/index.php?rest_route=\/wp\/v2\/users\/4"}],"replies":[{"embeddable":true,"href":"https:\/\/gerardoduque.com.mx\/index.php?rest_route=%2Fwp%2Fv2%2Fcomments&post=45168"}],"version-history":[{"count":1,"href":"https:\/\/gerardoduque.com.mx\/index.php?rest_route=\/wp\/v2\/posts\/45168\/revisions"}],"predecessor-version":[{"id":45170,"href":"https:\/\/gerardoduque.com.mx\/index.php?rest_route=\/wp\/v2\/posts\/45168\/revisions\/45170"}],"wp:featuredmedia":[{"embeddable":true,"href":"https:\/\/gerardoduque.com.mx\/index.php?rest_route=\/wp\/v2\/media\/45169"}],"wp:attachment":[{"href":"https:\/\/gerardoduque.com.mx\/index.php?rest_route=%2Fwp%2Fv2%2Fmedia&parent=45168"}],"wp:term":[{"taxonomy":"category","embeddable":true,"href":"https:\/\/gerardoduque.com.mx\/index.php?rest_route=%2Fwp%2Fv2%2Fcategories&post=45168"},{"taxonomy":"post_tag","embeddable":true,"href":"https:\/\/gerardoduque.com.mx\/index.php?rest_route=%2Fwp%2Fv2%2Ftags&post=45168"}],"curies":[{"name":"wp","href":"https:\/\/api.w.org\/{rel}","templated":true}]}}