{"id":45165,"date":"2026-03-13T18:37:25","date_gmt":"2026-03-14T00:37:25","guid":{"rendered":"https:\/\/gerardoduque.com.mx\/?p=45165"},"modified":"2026-03-13T18:37:30","modified_gmt":"2026-03-14T00:37:30","slug":"autoridades-preparan-acciones-de-prevencion-ante-temporada-de-incendios-forestales-en-la-zona-centro","status":"publish","type":"post","link":"https:\/\/gerardoduque.com.mx\/?p=45165","title":{"rendered":"AUTORIDADES PREPARAN ACCIONES DE PREVENCI\u00d3N ANTE TEMPORADA DE INCENDIOS FORESTALES EN LA ZONA CENTRO"},"content":{"rendered":"\n<p>La Coordinaci\u00f3n Estatal de Protecci\u00f3n Civil realiz\u00f3 una reuni\u00f3n de trabajo en el Museo Laberinto de las Ciencias y las Artes para revisar acciones de prevenci\u00f3n ante el inicio de un periodo de alto riesgo de incendios forestales en la regi\u00f3n centro. En el encuentro participaron autoridades de 11 municipios, entre ellos San Luis Potos\u00ed, Soledad de Graciano S\u00e1nchez y Villa de Pozos.<\/p>\n\n\n\n<p>El titular de la dependencia, Mauricio Ordaz Flores, indic\u00f3 que se preparan jornadas de capacitaci\u00f3n dirigidas a personal municipal y voluntarios para fortalecer la atenci\u00f3n a emergencias y reducir riesgos durante el combate de incendios forestales.<\/p>\n\n\n\n<p>De acuerdo con datos de la Comisi\u00f3n Nacional Forestal, en lo que va del a\u00f1o se han registrado 53 incendios en el estado, de los cuales 35 han ocurrido en la regi\u00f3n centro. Las autoridades se\u00f1alaron que se mantendr\u00e1n reuniones de coordinaci\u00f3n para la atenci\u00f3n de la temporada 2026.<\/p>\n\n\n\n<p>En la sesi\u00f3n tambi\u00e9n particip\u00f3 la titular de la Secretar\u00eda de Ecolog\u00eda y Gesti\u00f3n Ambiental, Sonia Mendoza D\u00edaz, quien se\u00f1al\u00f3 la necesidad de mantener coordinaci\u00f3n entre los distintos niveles de gobierno para las acciones de prevenci\u00f3n y respuesta ante incendios forestales.<\/p>\n","protected":false},"excerpt":{"rendered":"<p>Autoridades estatales y municipales analizaron acciones de prevenci\u00f3n ante el inicio de un periodo de alto riesgo de incendios forestales en la regi\u00f3n centro, donde se concentra la mayor\u00eda de los siniestros registrados en lo que va del a\u00f1o.<\/p>\n<p>La Coordinaci\u00f3n Estatal de Protecci\u00f3n Civil convoc\u00f3 a autoridades municipales a una reuni\u00f3n para revisar estrategias de prevenci\u00f3n y capacitaci\u00f3n ante el incremento de incendios forestales.<\/p>\n","protected":false},"author":4,"featured_media":45166,"comment_status":"closed","ping_status":"closed","sticky":false,"template":"","format":"standard","meta":{"_et_pb_use_builder":"off","_et_pb_old_content":"","_et_gb_content_width":"","footnotes":""},"categories":[62,280],"tags":[],"class_list":["post-45165","post","type-post","status-publish","format-standard","has-post-thumbnail","hentry","category-redaccion","category-gob-slp"],"_links":{"self":[{"href":"https:\/\/gerardoduque.com.mx\/index.php?rest_route=\/wp\/v2\/posts\/45165","targetHints":{"allow":["GET"]}}],"collection":[{"href":"https:\/\/gerardoduque.com.mx\/index.php?rest_route=\/wp\/v2\/posts"}],"about":[{"href":"https:\/\/gerardoduque.com.mx\/index.php?rest_route=\/wp\/v2\/types\/post"}],"author":[{"embeddable":true,"href":"https:\/\/gerardoduque.com.mx\/index.php?rest_route=\/wp\/v2\/users\/4"}],"replies":[{"embeddable":true,"href":"https:\/\/gerardoduque.com.mx\/index.php?rest_route=%2Fwp%2Fv2%2Fcomments&post=45165"}],"version-history":[{"count":1,"href":"https:\/\/gerardoduque.com.mx\/index.php?rest_route=\/wp\/v2\/posts\/45165\/revisions"}],"predecessor-version":[{"id":45167,"href":"https:\/\/gerardoduque.com.mx\/index.php?rest_route=\/wp\/v2\/posts\/45165\/revisions\/45167"}],"wp:featuredmedia":[{"embeddable":true,"href":"https:\/\/gerardoduque.com.mx\/index.php?rest_route=\/wp\/v2\/media\/45166"}],"wp:attachment":[{"href":"https:\/\/gerardoduque.com.mx\/index.php?rest_route=%2Fwp%2Fv2%2Fmedia&parent=45165"}],"wp:term":[{"taxonomy":"category","embeddable":true,"href":"https:\/\/gerardoduque.com.mx\/index.php?rest_route=%2Fwp%2Fv2%2Fcategories&post=45165"},{"taxonomy":"post_tag","embeddable":true,"href":"https:\/\/gerardoduque.com.mx\/index.php?rest_route=%2Fwp%2Fv2%2Ftags&post=45165"}],"curies":[{"name":"wp","href":"https:\/\/api.w.org\/{rel}","templated":true}]}}