{"id":45156,"date":"2026-03-13T18:30:28","date_gmt":"2026-03-14T00:30:28","guid":{"rendered":"https:\/\/gerardoduque.com.mx\/?p=45156"},"modified":"2026-03-13T18:30:33","modified_gmt":"2026-03-14T00:30:33","slug":"consejo-estatal-presenta-datos-sobre-mortalidad-y-acciones-de-prevencion-de-accidentes","status":"publish","type":"post","link":"https:\/\/gerardoduque.com.mx\/?p=45156","title":{"rendered":"CONSEJO ESTATAL PRESENTA DATOS SOBRE MORTALIDAD Y ACCIONES DE PREVENCI\u00d3N DE ACCIDENTES"},"content":{"rendered":"\n<p>Durante la sesi\u00f3n ordinaria del Consejo Estatal para la Prevenci\u00f3n de Accidentes, la titular de los Servicios de Salud, Leticia G\u00f3mez Ordaz, inform\u00f3 que en 2025 se registr\u00f3 una reducci\u00f3n de 3.07 % en la mortalidad asociada a accidentes de tr\u00e1nsito. El organismo re\u00fane a dependencias de distintos niveles de gobierno y a representantes de los sectores social y privado para coordinar acciones de prevenci\u00f3n.<\/p>\n\n\n\n<p>El consejo est\u00e1 integrado por 23 participantes y es presidido por el gobernador Ricardo Gallardo Cardona. En ese espacio se revisan estrategias vinculadas con movilidad segura, prevenci\u00f3n de accidentes y atenci\u00f3n a emergencias viales.<\/p>\n\n\n\n<p>Entre los datos presentados se report\u00f3 la integraci\u00f3n de una red estatal de 104 auditores viales y la realizaci\u00f3n de 12 auditor\u00edas para identificar riesgos en infraestructura carretera asociados con hechos de tr\u00e1nsito. Tambi\u00e9n se inform\u00f3 sobre el monitoreo mensual de puntos de alcoholimetr\u00eda en la capital y en Soledad de Graciano S\u00e1nchez.<\/p>\n\n\n\n<p>El informe se\u00f1al\u00f3 que los puntos de medici\u00f3n se ampliaron a municipios como Matehuala, Mexquitic, Ciudad Valles, Rioverde y Tamazunchale. Adem\u00e1s, el programa de capacitaci\u00f3n de primer respondiente en primeros auxilios prev\u00e9 formar a mil 500 personas durante 2026 para reforzar la atenci\u00f3n inicial en emergencias viales.<\/p>\n","protected":false},"excerpt":{"rendered":"<p>El Consejo Estatal para la Prevenci\u00f3n de Accidentes report\u00f3 una disminuci\u00f3n de 3.07 % en la mortalidad por hechos de tr\u00e1nsito durante 2025 y present\u00f3 acciones en materia de auditor\u00edas viales, alcoholimetr\u00eda y capacitaci\u00f3n en primeros auxilios.<\/p>\n<p>Se report\u00f3 una disminuci\u00f3n de 3.07 % en la mortalidad por accidentes de tr\u00e1nsito durante 2025, de acuerdo con informaci\u00f3n presentada en la sesi\u00f3n del Consejo Estatal para la Prevenci\u00f3n de Accidentes.<\/p>\n","protected":false},"author":4,"featured_media":45157,"comment_status":"closed","ping_status":"closed","sticky":false,"template":"","format":"standard","meta":{"_et_pb_use_builder":"off","_et_pb_old_content":"","_et_gb_content_width":"","footnotes":""},"categories":[62,280],"tags":[],"class_list":["post-45156","post","type-post","status-publish","format-standard","has-post-thumbnail","hentry","category-redaccion","category-gob-slp"],"_links":{"self":[{"href":"https:\/\/gerardoduque.com.mx\/index.php?rest_route=\/wp\/v2\/posts\/45156","targetHints":{"allow":["GET"]}}],"collection":[{"href":"https:\/\/gerardoduque.com.mx\/index.php?rest_route=\/wp\/v2\/posts"}],"about":[{"href":"https:\/\/gerardoduque.com.mx\/index.php?rest_route=\/wp\/v2\/types\/post"}],"author":[{"embeddable":true,"href":"https:\/\/gerardoduque.com.mx\/index.php?rest_route=\/wp\/v2\/users\/4"}],"replies":[{"embeddable":true,"href":"https:\/\/gerardoduque.com.mx\/index.php?rest_route=%2Fwp%2Fv2%2Fcomments&post=45156"}],"version-history":[{"count":1,"href":"https:\/\/gerardoduque.com.mx\/index.php?rest_route=\/wp\/v2\/posts\/45156\/revisions"}],"predecessor-version":[{"id":45158,"href":"https:\/\/gerardoduque.com.mx\/index.php?rest_route=\/wp\/v2\/posts\/45156\/revisions\/45158"}],"wp:featuredmedia":[{"embeddable":true,"href":"https:\/\/gerardoduque.com.mx\/index.php?rest_route=\/wp\/v2\/media\/45157"}],"wp:attachment":[{"href":"https:\/\/gerardoduque.com.mx\/index.php?rest_route=%2Fwp%2Fv2%2Fmedia&parent=45156"}],"wp:term":[{"taxonomy":"category","embeddable":true,"href":"https:\/\/gerardoduque.com.mx\/index.php?rest_route=%2Fwp%2Fv2%2Fcategories&post=45156"},{"taxonomy":"post_tag","embeddable":true,"href":"https:\/\/gerardoduque.com.mx\/index.php?rest_route=%2Fwp%2Fv2%2Ftags&post=45156"}],"curies":[{"name":"wp","href":"https:\/\/api.w.org\/{rel}","templated":true}]}}