{"id":45149,"date":"2026-03-12T23:38:52","date_gmt":"2026-03-13T05:38:52","guid":{"rendered":"https:\/\/gerardoduque.com.mx\/?p=45149"},"modified":"2026-03-12T23:38:57","modified_gmt":"2026-03-13T05:38:57","slug":"dictan-prision-preventiva-a-agresores-por-violencia-familiar-en-cd-valles","status":"publish","type":"post","link":"https:\/\/gerardoduque.com.mx\/?p=45149","title":{"rendered":"DICTAN PRISI\u00d3N PREVENTIVA A AGRESORES POR VIOLENCIA FAMILIAR EN CD VALLES"},"content":{"rendered":"\n<p>El Ayuntamiento de Ciudad Valles, a trav\u00e9s de la Direcci\u00f3n de Defensor\u00eda Social, inform\u00f3 que la Fiscal\u00eda General del Estado obtuvo prisi\u00f3n preventiva contra los agresores detenidos el pasado fin de semana por casos de violencia familiar, en hechos donde resultaron afectados dos adultos mayores y una mujer.<\/p>\n\n\n\n<p>La titular de la dependencia, explic\u00f3 que en uno de los casos dos adultos mayores denunciaron haber sido agredidos por su propio hijo, quien adem\u00e1s cuenta con alrededor de 17 denuncias previas por situaciones similares. Mientras que, en otro hecho, una mujer denunci\u00f3 haber sido agredida por su expareja mientras viajaba en transporte p\u00fablico, se\u00f1alando que el sujeto incumpli\u00f3 la medida de protecci\u00f3n previamente otorgada.<\/p>\n\n\n\n<p>Las detenciones fueron posibles gracias a la intervenci\u00f3n de elementos de la Direcci\u00f3n de Seguridad P\u00fablica y Tr\u00e1nsito Municipal y de la Guardia Civil Estatal, quienes pusieron a los presuntos responsables a disposici\u00f3n de la autoridad correspondiente. Asimismo, los Fiscales trabajaron activamente en la integraci\u00f3n de los casos para justificar la medida de prisi\u00f3n preventiva en favor de las v\u00edctimas.<\/p>\n\n\n\n<p>Estas acciones se realizan en el marco del trabajo que impulsa el Gobierno Municipal, para fortalecer la atenci\u00f3n a las v\u00edctimas, y reforzar la seguridad y el bienestar de las familias de Ciudad Valles.<\/p>\n","protected":false},"excerpt":{"rendered":"<p>Autoridades informaron que dos personas detenidas el fin de semana por presuntos casos de violencia familiar en CD Valles quedaron en prisi\u00f3n preventiva. En uno de los casos, un hombre es se\u00f1alado por agredir a sus padres adultos mayores, mientras que en otro una mujer denunci\u00f3 a su expareja por incumplir una medida de protecci\u00f3n y atacarla en transporte p\u00fablico. Las detenciones fueron realizadas por polic\u00edas municipales y la Guardia Civil Estatal.<\/p>\n","protected":false},"author":4,"featured_media":45151,"comment_status":"closed","ping_status":"closed","sticky":false,"template":"","format":"standard","meta":{"_et_pb_use_builder":"off","_et_pb_old_content":"","_et_gb_content_width":"","footnotes":""},"categories":[62],"tags":[],"class_list":["post-45149","post","type-post","status-publish","format-standard","has-post-thumbnail","hentry","category-redaccion"],"_links":{"self":[{"href":"https:\/\/gerardoduque.com.mx\/index.php?rest_route=\/wp\/v2\/posts\/45149","targetHints":{"allow":["GET"]}}],"collection":[{"href":"https:\/\/gerardoduque.com.mx\/index.php?rest_route=\/wp\/v2\/posts"}],"about":[{"href":"https:\/\/gerardoduque.com.mx\/index.php?rest_route=\/wp\/v2\/types\/post"}],"author":[{"embeddable":true,"href":"https:\/\/gerardoduque.com.mx\/index.php?rest_route=\/wp\/v2\/users\/4"}],"replies":[{"embeddable":true,"href":"https:\/\/gerardoduque.com.mx\/index.php?rest_route=%2Fwp%2Fv2%2Fcomments&post=45149"}],"version-history":[{"count":1,"href":"https:\/\/gerardoduque.com.mx\/index.php?rest_route=\/wp\/v2\/posts\/45149\/revisions"}],"predecessor-version":[{"id":45152,"href":"https:\/\/gerardoduque.com.mx\/index.php?rest_route=\/wp\/v2\/posts\/45149\/revisions\/45152"}],"wp:featuredmedia":[{"embeddable":true,"href":"https:\/\/gerardoduque.com.mx\/index.php?rest_route=\/wp\/v2\/media\/45151"}],"wp:attachment":[{"href":"https:\/\/gerardoduque.com.mx\/index.php?rest_route=%2Fwp%2Fv2%2Fmedia&parent=45149"}],"wp:term":[{"taxonomy":"category","embeddable":true,"href":"https:\/\/gerardoduque.com.mx\/index.php?rest_route=%2Fwp%2Fv2%2Fcategories&post=45149"},{"taxonomy":"post_tag","embeddable":true,"href":"https:\/\/gerardoduque.com.mx\/index.php?rest_route=%2Fwp%2Fv2%2Ftags&post=45149"}],"curies":[{"name":"wp","href":"https:\/\/api.w.org\/{rel}","templated":true}]}}