{"id":45146,"date":"2026-03-12T23:34:06","date_gmt":"2026-03-13T05:34:06","guid":{"rendered":"https:\/\/gerardoduque.com.mx\/?p=45146"},"modified":"2026-03-12T23:36:42","modified_gmt":"2026-03-13T05:36:42","slug":"45146","status":"publish","type":"post","link":"https:\/\/gerardoduque.com.mx\/?p=45146","title":{"rendered":"REALIZAN PRIMERA JORNADA POR LA PAZ EN INFONAVIT 2 DE CD VALLES"},"content":{"rendered":"\n<p>El Ayuntamiento de Ciudad Valles, en coordinaci\u00f3n con el Gobierno Federal, llev\u00f3 a cabo este jueves la primera Jornada por la Paz en el fraccionamiento Infonavit 2, como parte del primer eje de la estrategia nacional de seguridad impulsada por la Presidenta de M\u00e9xico, Claudia Sheinbaum Pardo, mediante la cual 61 municipios del pa\u00eds fueron integrados como Territorios de Paz.<\/p>\n\n\n\n<p>En representaci\u00f3n del Presidente Municipal, asisti\u00f3 el Secretario General del Ayuntamiento, quien reiter\u00f3 el compromiso del Alcalde de continuar trabajando de manera coordinada con los distintos niveles de gobierno para fortalecer la paz, la atenci\u00f3n social y el bienestar de las familias vallenses.<\/p>\n\n\n\n<p>Durante la jornada se instalaron m\u00f3dulos de atenci\u00f3n con personal de la Instancia Municipal de la Mujer; Direcci\u00f3n de Atenci\u00f3n y Participaci\u00f3n Ciudadana; Atenci\u00f3n al Campo; la Coordinaci\u00f3n de la Unidad Especializada para la Atenci\u00f3n de Pueblos y Comunidades Ind\u00edgenas; Atenci\u00f3n al Adulto Mayor; Coordinaci\u00f3n Municipal de Derechos Humanos; INMUVI; Oficial\u00edas del Registro Civil; Direcci\u00f3n de Atenci\u00f3n a la Juventud; Direcci\u00f3n de Seguridad P\u00fablica y Tr\u00e1nsito Municipal; DICUFIDE; Direcci\u00f3n de Igualdad y Diversidad Social, as\u00ed como el Sistema Municipal DIF.<\/p>\n\n\n\n<p>En representaci\u00f3n del Gobierno Federal, la Directora General de Mesas de Paz Zona Norte,, explic\u00f3 que en esta primera etapa las jornadas se desarrollar\u00e1n en 10 colonias del municipio, donde brigadas visitar\u00e1n los hogares para conocer las necesidades de la poblaci\u00f3n, trabajando bajo la instrucci\u00f3n de la Presidenta Claudia Sheinbaum.<\/p>\n\n\n\n<p>Asimismo, se cont\u00f3 con la instalaci\u00f3n de m\u00f3dulos de atenci\u00f3n por parte de dependencias federales y estatales como IMSS Bienestar, Profeco, Infonavit, Servicio Nacional de Empleo, Guardia Civil Estatal, Guardia Nacional, Secretar\u00eda de Agricultura y Desarrollo Rural, Financiera para el Bienestar, Correos de M\u00e9xico, Alimentaci\u00f3n para el Bienestar, J\u00f3venes Construyendo el Futuro, SAT, as\u00ed como puestos de vacunaci\u00f3n y servicios de salud.<\/p>\n\n\n\n<p>Como parte de las actividades realizadas durante la jornada, se tom\u00f3 protesta al Comit\u00e9 de Paz del sector, integrado por vecinas y vecinos del fraccionamiento, quienes colaborar\u00e1n de manera directa con las autoridades en acciones orientadas a fortalecer la convivencia, la prevenci\u00f3n y la participaci\u00f3n ciudadana. Entre las autoridades presentes la Regidora Nora Hilda Lara Azuara y el Regidor C\u00e9sar Ramos Clemente, la Tesorera Municipal, Ma. Anel Coronado Aguilar; Consejeros de Desarrollo Social; por parte del IMSS Bienestar en SLP, el Dr. Salvador Orta Villegas; en representaci\u00f3n de la SEDENA, el Capit\u00e1n Valent\u00edn Vallejo Pe\u00f1a; de la Guardia Nacional, el Capit\u00e1n Segundo Edgar Camargo Mendoza; la Secretaria T\u00e9cnica Estatal de Mesas de Paz, Noem\u00ed Medina del \u00c1ngel; as\u00ed como los<\/p>\n","protected":false},"excerpt":{"rendered":"<p>Autoridades municipales, estatales y federales realizaron en el fraccionamiento Infonavit 2 la primera Jornada por la Paz en CD Valles, como parte de la estrategia nacional de seguridad. Durante la actividad se instalaron m\u00f3dulos de atenci\u00f3n y servicios de distintas dependencias para atender a la poblaci\u00f3n, adem\u00e1s de conformarse un Comit\u00e9 de Paz con vecinos del sector para fortalecer la participaci\u00f3n ciudadana y la prevenci\u00f3n.<\/p>\n","protected":false},"author":4,"featured_media":45147,"comment_status":"closed","ping_status":"closed","sticky":false,"template":"","format":"standard","meta":{"_et_pb_use_builder":"off","_et_pb_old_content":"","_et_gb_content_width":"","footnotes":""},"categories":[62],"tags":[],"class_list":["post-45146","post","type-post","status-publish","format-standard","has-post-thumbnail","hentry","category-redaccion"],"_links":{"self":[{"href":"https:\/\/gerardoduque.com.mx\/index.php?rest_route=\/wp\/v2\/posts\/45146","targetHints":{"allow":["GET"]}}],"collection":[{"href":"https:\/\/gerardoduque.com.mx\/index.php?rest_route=\/wp\/v2\/posts"}],"about":[{"href":"https:\/\/gerardoduque.com.mx\/index.php?rest_route=\/wp\/v2\/types\/post"}],"author":[{"embeddable":true,"href":"https:\/\/gerardoduque.com.mx\/index.php?rest_route=\/wp\/v2\/users\/4"}],"replies":[{"embeddable":true,"href":"https:\/\/gerardoduque.com.mx\/index.php?rest_route=%2Fwp%2Fv2%2Fcomments&post=45146"}],"version-history":[{"count":2,"href":"https:\/\/gerardoduque.com.mx\/index.php?rest_route=\/wp\/v2\/posts\/45146\/revisions"}],"predecessor-version":[{"id":45150,"href":"https:\/\/gerardoduque.com.mx\/index.php?rest_route=\/wp\/v2\/posts\/45146\/revisions\/45150"}],"wp:featuredmedia":[{"embeddable":true,"href":"https:\/\/gerardoduque.com.mx\/index.php?rest_route=\/wp\/v2\/media\/45147"}],"wp:attachment":[{"href":"https:\/\/gerardoduque.com.mx\/index.php?rest_route=%2Fwp%2Fv2%2Fmedia&parent=45146"}],"wp:term":[{"taxonomy":"category","embeddable":true,"href":"https:\/\/gerardoduque.com.mx\/index.php?rest_route=%2Fwp%2Fv2%2Fcategories&post=45146"},{"taxonomy":"post_tag","embeddable":true,"href":"https:\/\/gerardoduque.com.mx\/index.php?rest_route=%2Fwp%2Fv2%2Ftags&post=45146"}],"curies":[{"name":"wp","href":"https:\/\/api.w.org\/{rel}","templated":true}]}}