{"id":45133,"date":"2026-03-12T23:18:17","date_gmt":"2026-03-13T05:18:17","guid":{"rendered":"https:\/\/gerardoduque.com.mx\/?p=45133"},"modified":"2026-03-12T23:19:45","modified_gmt":"2026-03-13T05:19:45","slug":"controlan-incendio-en-el-ejido-las-pitas-tras-intensa-movilizacion","status":"publish","type":"post","link":"https:\/\/gerardoduque.com.mx\/?p=45133","title":{"rendered":"INCENDIO EN EJIDO LAS PITAS DEJA 400 HECT\u00c1REAS AFECTADAS EN CD VALLES"},"content":{"rendered":"\n<p>El incendio registrado durante la noche del mi\u00e9rcoles 11 de marzo, en el Ejido Las Pitas, fue sofocado por completo gracias a la r\u00e1pida intervenci\u00f3n y coordinaci\u00f3n de elementos de la Direcci\u00f3n de Protecci\u00f3n Civil Municipal, corporaciones de auxilio y brigadas comunitarias, siniestro que ocasion\u00f3 afectaciones en poco m\u00e1s de 400 hect\u00e1reas de pasto y monte mediano.<\/p>\n\n\n\n<p>La Direcci\u00f3n de Protecci\u00f3n Civil Municipal, detall\u00f3 que en las labores de combate participaron cinco elementos de PC Municipal, diez brigadistas de la Comisi\u00f3n Nacional Forestal (CONAFOR), cuatro elementos de la Coordinaci\u00f3n de Protecci\u00f3n Civil del Estado, treinta voluntarios del Ejido Las Pitas y elementos del Cuerpo de Bomberos, quienes brindaron apoyo en todo momento. La suma de esfuerzos permiti\u00f3 controlar y extinguir el fuego, evitando que se extendiera a otras \u00e1reas.<\/p>\n\n\n\n<p>El Gobierno Municipal, agradece el esfuerzo y la solidaridad de todas las brigadas y voluntarios que participaron en estas labores de emergencia, garantizando una r\u00e1pida y oportuna intervenci\u00f3n previniendo afectaciones a\u00fan mayores.<\/p>\n\n\n\n<p>Se exhorta a la ciudadana a prevenir incendios, evitando quemas de basura, no arrojar colillas de cigarro encendidas y no tirar objetos de vidrio en \u00e1reas naturales, ya que pueden provocar siniestros. Asimismo, se invita a la poblaci\u00f3n a reportar de inmediato cualquier conato de incendio a las autoridades para actuar oportunamente y proteger a las comunidades y al medio ambiente.<\/p>\n","protected":false},"excerpt":{"rendered":"<p>Un incendio registrado la noche del 11 de marzo en el Ejido Las Pitas, en Ciudad Valles, fue controlado gracias a la intervenci\u00f3n de Protecci\u00f3n Civil Municipal, brigadistas de CONAFOR, bomberos y voluntarios de la comunidad. El siniestro afect\u00f3 m\u00e1s de 400 hect\u00e1reas de pastizal y monte mediano, pero fue sofocado antes de que se extendiera a otras zonas. Autoridades pidieron a la poblaci\u00f3n evitar la quema de basura y reportar de inmediato cualquier conato de incendio.<\/p>\n","protected":false},"author":4,"featured_media":45134,"comment_status":"closed","ping_status":"closed","sticky":false,"template":"","format":"standard","meta":{"_et_pb_use_builder":"off","_et_pb_old_content":"","_et_gb_content_width":"","footnotes":""},"categories":[62],"tags":[],"class_list":["post-45133","post","type-post","status-publish","format-standard","has-post-thumbnail","hentry","category-redaccion"],"_links":{"self":[{"href":"https:\/\/gerardoduque.com.mx\/index.php?rest_route=\/wp\/v2\/posts\/45133","targetHints":{"allow":["GET"]}}],"collection":[{"href":"https:\/\/gerardoduque.com.mx\/index.php?rest_route=\/wp\/v2\/posts"}],"about":[{"href":"https:\/\/gerardoduque.com.mx\/index.php?rest_route=\/wp\/v2\/types\/post"}],"author":[{"embeddable":true,"href":"https:\/\/gerardoduque.com.mx\/index.php?rest_route=\/wp\/v2\/users\/4"}],"replies":[{"embeddable":true,"href":"https:\/\/gerardoduque.com.mx\/index.php?rest_route=%2Fwp%2Fv2%2Fcomments&post=45133"}],"version-history":[{"count":2,"href":"https:\/\/gerardoduque.com.mx\/index.php?rest_route=\/wp\/v2\/posts\/45133\/revisions"}],"predecessor-version":[{"id":45136,"href":"https:\/\/gerardoduque.com.mx\/index.php?rest_route=\/wp\/v2\/posts\/45133\/revisions\/45136"}],"wp:featuredmedia":[{"embeddable":true,"href":"https:\/\/gerardoduque.com.mx\/index.php?rest_route=\/wp\/v2\/media\/45134"}],"wp:attachment":[{"href":"https:\/\/gerardoduque.com.mx\/index.php?rest_route=%2Fwp%2Fv2%2Fmedia&parent=45133"}],"wp:term":[{"taxonomy":"category","embeddable":true,"href":"https:\/\/gerardoduque.com.mx\/index.php?rest_route=%2Fwp%2Fv2%2Fcategories&post=45133"},{"taxonomy":"post_tag","embeddable":true,"href":"https:\/\/gerardoduque.com.mx\/index.php?rest_route=%2Fwp%2Fv2%2Ftags&post=45133"}],"curies":[{"name":"wp","href":"https:\/\/api.w.org\/{rel}","templated":true}]}}