{"id":45091,"date":"2026-03-12T16:56:04","date_gmt":"2026-03-12T22:56:04","guid":{"rendered":"https:\/\/gerardoduque.com.mx\/?p=45091"},"modified":"2026-03-12T16:56:10","modified_gmt":"2026-03-12T22:56:10","slug":"aliados-de-la-4t-en-slp-bajan-el-tono-a-desacuerdo-por-reforma-electoral","status":"publish","type":"post","link":"https:\/\/gerardoduque.com.mx\/?p=45091","title":{"rendered":"ALIADOS DE LA 4T EN SLP BAJAN EL TONO A DESACUERDO POR REFORMA ELECTORAL"},"content":{"rendered":"\n<p>El rechazo legislativo a la reforma electoral impulsada por la presidenta Claudia Sheinbaum Pardo evidenci\u00f3 tensiones dentro del bloque pol\u00edtico que respalda al gobierno federal. Aunque el Partido Verde Ecologista de M\u00e9xico y el Partido del Trabajo votaron en contra de la iniciativa, dirigentes y representantes de estos partidos han buscado aclarar que la alianza con Morena se mantiene.<\/p>\n\n\n\n<p>Desde San Luis Potos\u00ed, el gobernador Ricardo Gallardo Cardona minimiz\u00f3 el desacuerdo y afirm\u00f3 que no es necesaria una \u201coperaci\u00f3n cicatriz\u201d entre los aliados de la llamada Cuarta Transformaci\u00f3n. El mandatario sostuvo que el voto diferenciado forma parte de la din\u00e1mica legislativa y no representa una ruptura con el proyecto pol\u00edtico encabezado por el gobierno federal.<\/p>\n\n\n\n<p>En la misma l\u00ednea se pronunci\u00f3 el diputado federal del PVEM, Juan Carlos Valladares, quien asegur\u00f3 que la coalici\u00f3n con Morena contin\u00faa firme rumbo a los pr\u00f3ximos procesos electorales. El legislador explic\u00f3 que el voto en contra respondi\u00f3 a reservas espec\u00edficas de su partido sobre el contenido de la reforma y no a un distanciamiento pol\u00edtico con la administraci\u00f3n federal.<\/p>\n\n\n\n<p>Desde el Congreso del Estado, el coordinador de Morena, Jos\u00e9 Roberto Garc\u00eda Castillo, tambi\u00e9n llam\u00f3 a reducir la tensi\u00f3n generada por el episodio. Se\u00f1al\u00f3 que, aunque puedan existir posturas distintas, el trabajo legislativo debe privilegiar el di\u00e1logo y los acuerdos entre las fuerzas que integran la alianza.<\/p>\n\n\n\n<p>El legislador morenista puntualiz\u00f3 que su partido respalda diversas reformas impulsadas a nivel federal, pero subray\u00f3 que cada grupo parlamentario mantiene la facultad de analizar y fijar posici\u00f3n sobre las iniciativas que se presentan.<\/p>\n\n\n\n<p>Las distintas posturas coinciden en un mismo objetivo. Evitar que el rev\u00e9s legislativo sea interpretado como una fractura dentro del bloque oficialista. Sin embargo, el episodio tambi\u00e9n deja ver que, aunque los partidos aliados buscan mantener la coalici\u00f3n rumbo a los pr\u00f3ximos procesos electorales, existen matices y diferencias en torno a algunas propuestas legislativas.<\/p>\n","protected":false},"excerpt":{"rendered":"<p>El rechazo legislativo a la reforma electoral impulsada por la presidenta Claudia Sheinbaum Pardo evidenci\u00f3 tensiones dentro del bloque pol\u00edtico que respalda al gobierno federal. Aunque el Partido Verde Ecologista de M\u00e9xico y el Partido del Trabajo votaron en contra de la iniciativa, dirigentes y representantes de estos partidos han buscado aclarar que la alianza [&hellip;]<\/p>\n","protected":false},"author":4,"featured_media":45092,"comment_status":"closed","ping_status":"closed","sticky":false,"template":"","format":"standard","meta":{"_et_pb_use_builder":"off","_et_pb_old_content":"","_et_gb_content_width":"","footnotes":""},"categories":[412,62],"tags":[],"class_list":["post-45091","post","type-post","status-publish","format-standard","has-post-thumbnail","hentry","category-destacado","category-redaccion"],"_links":{"self":[{"href":"https:\/\/gerardoduque.com.mx\/index.php?rest_route=\/wp\/v2\/posts\/45091","targetHints":{"allow":["GET"]}}],"collection":[{"href":"https:\/\/gerardoduque.com.mx\/index.php?rest_route=\/wp\/v2\/posts"}],"about":[{"href":"https:\/\/gerardoduque.com.mx\/index.php?rest_route=\/wp\/v2\/types\/post"}],"author":[{"embeddable":true,"href":"https:\/\/gerardoduque.com.mx\/index.php?rest_route=\/wp\/v2\/users\/4"}],"replies":[{"embeddable":true,"href":"https:\/\/gerardoduque.com.mx\/index.php?rest_route=%2Fwp%2Fv2%2Fcomments&post=45091"}],"version-history":[{"count":1,"href":"https:\/\/gerardoduque.com.mx\/index.php?rest_route=\/wp\/v2\/posts\/45091\/revisions"}],"predecessor-version":[{"id":45093,"href":"https:\/\/gerardoduque.com.mx\/index.php?rest_route=\/wp\/v2\/posts\/45091\/revisions\/45093"}],"wp:featuredmedia":[{"embeddable":true,"href":"https:\/\/gerardoduque.com.mx\/index.php?rest_route=\/wp\/v2\/media\/45092"}],"wp:attachment":[{"href":"https:\/\/gerardoduque.com.mx\/index.php?rest_route=%2Fwp%2Fv2%2Fmedia&parent=45091"}],"wp:term":[{"taxonomy":"category","embeddable":true,"href":"https:\/\/gerardoduque.com.mx\/index.php?rest_route=%2Fwp%2Fv2%2Fcategories&post=45091"},{"taxonomy":"post_tag","embeddable":true,"href":"https:\/\/gerardoduque.com.mx\/index.php?rest_route=%2Fwp%2Fv2%2Ftags&post=45091"}],"curies":[{"name":"wp","href":"https:\/\/api.w.org\/{rel}","templated":true}]}}