{"id":45085,"date":"2026-03-12T16:41:49","date_gmt":"2026-03-12T22:41:49","guid":{"rendered":"https:\/\/gerardoduque.com.mx\/?p=45085"},"modified":"2026-03-12T16:41:54","modified_gmt":"2026-03-12T22:41:54","slug":"denuncias-contra-guardia-civil-en-valles-chocan-con-la-version-oficial","status":"publish","type":"post","link":"https:\/\/gerardoduque.com.mx\/?p=45085","title":{"rendered":"DENUNCIAS CONTRA GUARDIA CIVIL EN VALLES CHOCAN CON LA VERSI\u00d3N OFICIAL"},"content":{"rendered":"\n<p>Se\u00f1alamientos de presuntos abusos cometidos por elementos de la Guardia Civil Estatal volvieron a encender la discusi\u00f3n p\u00fablica sobre el actuar de las corporaciones de seguridad en Ciudad Valles, luego de que en redes sociales y algunos espacios informativos circularan versiones sobre la supuesta agresi\u00f3n contra dos menores durante operativos recientes.<\/p>\n\n\n\n<p>Ante las acusaciones, el titular de la Secretar\u00eda de Seguridad y Protecci\u00f3n Ciudadana del estado, Jes\u00fas Ju\u00e1rez Hern\u00e1ndez, rechaz\u00f3 que exista evidencia que confirme los hechos denunciados y asegur\u00f3 que, tras revisar los reportes internos, las versiones difundidas no coinciden con los registros oficiales de la corporaci\u00f3n.<\/p>\n\n\n\n<p>El funcionario cit\u00f3 como ejemplo un caso que recientemente se viraliz\u00f3, en el que un hombre fue detenido por presunta posesi\u00f3n de droga. Seg\u00fan la explicaci\u00f3n institucional, el individuo ya presentaba lesiones antes de ser asegurado por los agentes. Ju\u00e1rez Hern\u00e1ndez afirm\u00f3 que esa condici\u00f3n fue detectada al momento de la detenci\u00f3n y que los propios polic\u00edas solicitaron asistencia m\u00e9dica inmediata, situaci\u00f3n que, dijo, qued\u00f3 documentada por los param\u00e9dicos que atendieron al detenido.<\/p>\n\n\n\n<p>Sin embargo, m\u00e1s all\u00e1 de la postura oficial, las denuncias difundidas en redes sociales y los testimonios que han comenzado a circular mantienen abiertas las dudas entre la poblaci\u00f3n.<\/p>\n\n\n\n<p>Organizaciones civiles y ciudadanos han insistido en que este tipo de episodios requiere investigaciones independientes y transparentes, debido a que los reportes internos de las propias corporaciones suelen ser el \u00fanico sustento para descartar irregularidades.<\/p>\n\n\n\n<p>El secretario de Seguridad tambi\u00e9n plante\u00f3 que algunas de estas acusaciones podr\u00edan formar parte de estrategias de grupos delictivos para desacreditar a las fuerzas de seguridad cuando se intensifican los operativos en determinadas zonas. Seg\u00fan su argumento, estas organizaciones buscan generar desconfianza hacia la polic\u00eda dentro de las comunidades donde operan.<\/p>\n\n\n\n<p>No obstante, especialistas en temas de seguridad han se\u00f1alado en distintos momentos que atribuir las denuncias exclusivamente a campa\u00f1as de desprestigio puede invisibilizar posibles excesos policiales, por lo que consideran necesario fortalecer mecanismos de supervisi\u00f3n externa y garantizar que las investigaciones no queden \u00fanicamente en manos de las mismas instituciones se\u00f1aladas.<\/p>\n\n\n\n<p>En este contexto, el caso vuelve a evidenciar una tensi\u00f3n recurrente en el estado. Mientras la narrativa oficial descarta irregularidades, una parte de la ciudadan\u00eda mantiene reservas sobre el actuar de las corporaciones. La exigencia de esclarecer los hechos con transparencia y rendici\u00f3n de cuentas permanece como una demanda constante en la regi\u00f3n Huasteca.<\/p>\n","protected":false},"excerpt":{"rendered":"<p>El secretario de Seguridad niega abusos, pero las denuncias p\u00fablicas alimentan dudas sobre el actuar policial<\/p>\n","protected":false},"author":4,"featured_media":45087,"comment_status":"closed","ping_status":"closed","sticky":false,"template":"","format":"standard","meta":{"_et_pb_use_builder":"off","_et_pb_old_content":"","_et_gb_content_width":"","footnotes":""},"categories":[412,62],"tags":[],"class_list":["post-45085","post","type-post","status-publish","format-standard","has-post-thumbnail","hentry","category-destacado","category-redaccion"],"_links":{"self":[{"href":"https:\/\/gerardoduque.com.mx\/index.php?rest_route=\/wp\/v2\/posts\/45085","targetHints":{"allow":["GET"]}}],"collection":[{"href":"https:\/\/gerardoduque.com.mx\/index.php?rest_route=\/wp\/v2\/posts"}],"about":[{"href":"https:\/\/gerardoduque.com.mx\/index.php?rest_route=\/wp\/v2\/types\/post"}],"author":[{"embeddable":true,"href":"https:\/\/gerardoduque.com.mx\/index.php?rest_route=\/wp\/v2\/users\/4"}],"replies":[{"embeddable":true,"href":"https:\/\/gerardoduque.com.mx\/index.php?rest_route=%2Fwp%2Fv2%2Fcomments&post=45085"}],"version-history":[{"count":2,"href":"https:\/\/gerardoduque.com.mx\/index.php?rest_route=\/wp\/v2\/posts\/45085\/revisions"}],"predecessor-version":[{"id":45089,"href":"https:\/\/gerardoduque.com.mx\/index.php?rest_route=\/wp\/v2\/posts\/45085\/revisions\/45089"}],"wp:featuredmedia":[{"embeddable":true,"href":"https:\/\/gerardoduque.com.mx\/index.php?rest_route=\/wp\/v2\/media\/45087"}],"wp:attachment":[{"href":"https:\/\/gerardoduque.com.mx\/index.php?rest_route=%2Fwp%2Fv2%2Fmedia&parent=45085"}],"wp:term":[{"taxonomy":"category","embeddable":true,"href":"https:\/\/gerardoduque.com.mx\/index.php?rest_route=%2Fwp%2Fv2%2Fcategories&post=45085"},{"taxonomy":"post_tag","embeddable":true,"href":"https:\/\/gerardoduque.com.mx\/index.php?rest_route=%2Fwp%2Fv2%2Ftags&post=45085"}],"curies":[{"name":"wp","href":"https:\/\/api.w.org\/{rel}","templated":true}]}}