{"id":45081,"date":"2026-03-12T11:51:38","date_gmt":"2026-03-12T17:51:38","guid":{"rendered":"https:\/\/gerardoduque.com.mx\/?p=45081"},"modified":"2026-03-12T11:51:47","modified_gmt":"2026-03-12T17:51:47","slug":"queman-vehiculos-particulares-de-policias-en-ciudad-valles","status":"publish","type":"post","link":"https:\/\/gerardoduque.com.mx\/?p=45081","title":{"rendered":"QUEMAN VEH\u00cdCULOS PARTICULARES DE POLIC\u00cdAS EN CIUDAD VALLES"},"content":{"rendered":"\n<p>Al menos tres veh\u00edculos propiedad de elementos policiales fueron incendiados en ataques ocurridos durante las madrugadas de mi\u00e9rcoles y jueves en distintos sectores de Ciudad Valles.<\/p>\n\n\n\n<p>El caso m\u00e1s reciente ocurri\u00f3 la madrugada de este jueves en la colonia Las Granjas, donde un autom\u00f3vil Nissan Versa perteneciente a un elemento de la Guardia Civil Estatal fue consumido por el fuego dentro del patio de su vivienda, en la calle Circunvalaci\u00f3n. De acuerdo con reportes preliminares, dos personas que viajaban en motocicleta arrojaron una sustancia inflamable y posteriormente prendieron fuego a la unidad.<\/p>\n\n\n\n<p>El propietario resguard\u00f3 primero a su familia y despu\u00e9s solicit\u00f3 apoyo a los servicios de emergencia. Bomberos, Protecci\u00f3n Civil y elementos de la Guardia Civil Estatal acudieron al sitio y sofocaron el incendio, aunque el veh\u00edculo qued\u00f3 con p\u00e9rdida total.<\/p>\n\n\n\n<p>Un d\u00eda antes, durante la madrugada del mi\u00e9rcoles, se registr\u00f3 otro incendio intencional en el fraccionamiento Infonavit 2, donde resultaron afectados dos veh\u00edculos propiedad de otro elemento policiaco: una camioneta Kicks y un Tsuru. El fuego fue controlado por el due\u00f1o con ayuda de vecinos antes de la llegada de los cuerpos de emergencia.<\/p>\n\n\n\n<p>Autoridades informaron que la Fiscal\u00eda General del Estado ya investiga ambos hechos para determinar su origen y posible relaci\u00f3n.<\/p>\n","protected":false},"excerpt":{"rendered":"<p>En dos ataques distintos, desconocidos rociaron combustible e incendiaron tres unidades<\/p>\n","protected":false},"author":4,"featured_media":45082,"comment_status":"closed","ping_status":"closed","sticky":false,"template":"","format":"standard","meta":{"_et_pb_use_builder":"off","_et_pb_old_content":"","_et_gb_content_width":"","footnotes":""},"categories":[412,62],"tags":[],"class_list":["post-45081","post","type-post","status-publish","format-standard","has-post-thumbnail","hentry","category-destacado","category-redaccion"],"_links":{"self":[{"href":"https:\/\/gerardoduque.com.mx\/index.php?rest_route=\/wp\/v2\/posts\/45081","targetHints":{"allow":["GET"]}}],"collection":[{"href":"https:\/\/gerardoduque.com.mx\/index.php?rest_route=\/wp\/v2\/posts"}],"about":[{"href":"https:\/\/gerardoduque.com.mx\/index.php?rest_route=\/wp\/v2\/types\/post"}],"author":[{"embeddable":true,"href":"https:\/\/gerardoduque.com.mx\/index.php?rest_route=\/wp\/v2\/users\/4"}],"replies":[{"embeddable":true,"href":"https:\/\/gerardoduque.com.mx\/index.php?rest_route=%2Fwp%2Fv2%2Fcomments&post=45081"}],"version-history":[{"count":1,"href":"https:\/\/gerardoduque.com.mx\/index.php?rest_route=\/wp\/v2\/posts\/45081\/revisions"}],"predecessor-version":[{"id":45083,"href":"https:\/\/gerardoduque.com.mx\/index.php?rest_route=\/wp\/v2\/posts\/45081\/revisions\/45083"}],"wp:featuredmedia":[{"embeddable":true,"href":"https:\/\/gerardoduque.com.mx\/index.php?rest_route=\/wp\/v2\/media\/45082"}],"wp:attachment":[{"href":"https:\/\/gerardoduque.com.mx\/index.php?rest_route=%2Fwp%2Fv2%2Fmedia&parent=45081"}],"wp:term":[{"taxonomy":"category","embeddable":true,"href":"https:\/\/gerardoduque.com.mx\/index.php?rest_route=%2Fwp%2Fv2%2Fcategories&post=45081"},{"taxonomy":"post_tag","embeddable":true,"href":"https:\/\/gerardoduque.com.mx\/index.php?rest_route=%2Fwp%2Fv2%2Ftags&post=45081"}],"curies":[{"name":"wp","href":"https:\/\/api.w.org\/{rel}","templated":true}]}}