{"id":45069,"date":"2026-03-11T21:00:00","date_gmt":"2026-03-12T03:00:00","guid":{"rendered":"https:\/\/gerardoduque.com.mx\/?p=45069"},"modified":"2026-03-11T22:44:25","modified_gmt":"2026-03-12T04:44:25","slug":"el-estado-se-prepara-ante-posibles-periodos-de-escasez-de-agua","status":"publish","type":"post","link":"https:\/\/gerardoduque.com.mx\/?p=45069","title":{"rendered":"EL ESTADO SE PREPARA ANTE POSIBLES PERIODOS DE ESCASEZ DE AGUA"},"content":{"rendered":"\n<p>Ante la posibilidad de nuevos periodos de sequ\u00eda en el estado, el Gobierno de San Luis Potos\u00ed anunci\u00f3 el fortalecimiento de medidas preventivas para garantizar el abasto de agua en las distintas regiones de la entidad, mediante acciones coordinadas entre dependencias gubernamentales y sectores productivos.<\/p>\n\n\n\n<p>La Secretar\u00eda General de Gobierno (SGG) inform\u00f3 que se trabaja en la implementaci\u00f3n de programas orientados a promover el uso responsable del recurso h\u00eddrico, as\u00ed como en estrategias anticipadas para enfrentar eventuales escenarios de escasez.<\/p>\n\n\n\n<p>El titular de la dependencia, J. Guadalupe Torres S\u00e1nchez, explic\u00f3 que se ha convocado a distintos sectores para aplicar medidas que permitan optimizar el aprovechamiento del agua en actividades agr\u00edcolas, ganaderas y tur\u00edsticas, consideradas clave para la econom\u00eda estatal.<\/p>\n\n\n\n<p>El funcionario record\u00f3 que durante 2023 y 2024 varios municipios del estado registraron periodos de lluvias por debajo de lo habitual, lo que gener\u00f3 afectaciones en distintas zonas. En contraste, se\u00f1al\u00f3 que 2025 present\u00f3 mejores niveles de precipitaci\u00f3n, lo que permiti\u00f3 aliviar parcialmente la situaci\u00f3n h\u00eddrica en la entidad.<\/p>\n\n\n\n<p>Como parte de las acciones preventivas, el gobierno estatal trabaja en coordinaci\u00f3n con la Secretar\u00eda de Desarrollo Agropecuario y Recursos Hidr\u00e1ulicos (Sedarh) en proyectos como el desazolve de vasos de captaci\u00f3n, con el objetivo de mejorar la capacidad de almacenamiento de agua durante la temporada de lluvias.<\/p>\n\n\n\n<p>Las autoridades indicaron que en la regi\u00f3n Huasteca, particularmente en Ciudad Valles, se mantienen acuerdos entre instancias federales, estatales y representantes de sectores productivos para impulsar un manejo responsable del agua y prevenir afectaciones en caso de una nueva etapa de sequ\u00eda.<\/p>\n\n\n\n<p>Con estas medidas, el gobierno estatal busca fortalecer la gesti\u00f3n del recurso h\u00eddrico y reducir los impactos que la variabilidad clim\u00e1tica pudiera generar en el abastecimiento de agua para la poblaci\u00f3n y las actividades productivas.<\/p>\n","protected":false},"excerpt":{"rendered":"<p>Autoridades llaman a sectores productivos a optimizar el uso del recurso h\u00eddrico<\/p>\n","protected":false},"author":4,"featured_media":45073,"comment_status":"closed","ping_status":"closed","sticky":false,"template":"","format":"standard","meta":{"_et_pb_use_builder":"off","_et_pb_old_content":"","_et_gb_content_width":"","footnotes":""},"categories":[412,62],"tags":[],"class_list":["post-45069","post","type-post","status-publish","format-standard","has-post-thumbnail","hentry","category-destacado","category-redaccion"],"_links":{"self":[{"href":"https:\/\/gerardoduque.com.mx\/index.php?rest_route=\/wp\/v2\/posts\/45069","targetHints":{"allow":["GET"]}}],"collection":[{"href":"https:\/\/gerardoduque.com.mx\/index.php?rest_route=\/wp\/v2\/posts"}],"about":[{"href":"https:\/\/gerardoduque.com.mx\/index.php?rest_route=\/wp\/v2\/types\/post"}],"author":[{"embeddable":true,"href":"https:\/\/gerardoduque.com.mx\/index.php?rest_route=\/wp\/v2\/users\/4"}],"replies":[{"embeddable":true,"href":"https:\/\/gerardoduque.com.mx\/index.php?rest_route=%2Fwp%2Fv2%2Fcomments&post=45069"}],"version-history":[{"count":1,"href":"https:\/\/gerardoduque.com.mx\/index.php?rest_route=\/wp\/v2\/posts\/45069\/revisions"}],"predecessor-version":[{"id":45075,"href":"https:\/\/gerardoduque.com.mx\/index.php?rest_route=\/wp\/v2\/posts\/45069\/revisions\/45075"}],"wp:featuredmedia":[{"embeddable":true,"href":"https:\/\/gerardoduque.com.mx\/index.php?rest_route=\/wp\/v2\/media\/45073"}],"wp:attachment":[{"href":"https:\/\/gerardoduque.com.mx\/index.php?rest_route=%2Fwp%2Fv2%2Fmedia&parent=45069"}],"wp:term":[{"taxonomy":"category","embeddable":true,"href":"https:\/\/gerardoduque.com.mx\/index.php?rest_route=%2Fwp%2Fv2%2Fcategories&post=45069"},{"taxonomy":"post_tag","embeddable":true,"href":"https:\/\/gerardoduque.com.mx\/index.php?rest_route=%2Fwp%2Fv2%2Ftags&post=45069"}],"curies":[{"name":"wp","href":"https:\/\/api.w.org\/{rel}","templated":true}]}}