{"id":45051,"date":"2026-03-11T21:30:00","date_gmt":"2026-03-12T03:30:00","guid":{"rendered":"https:\/\/gerardoduque.com.mx\/?p=45051"},"modified":"2026-03-11T22:33:04","modified_gmt":"2026-03-12T04:33:04","slug":"reportan-danos-en-templos-del-centro-historico-tras-marcha-del-8m","status":"publish","type":"post","link":"https:\/\/gerardoduque.com.mx\/?p=45051","title":{"rendered":"REPORTAN DA\u00d1OS EN TEMPLOS DEL CENTRO HIST\u00d3RICO TRAS MARCHA DEL 8M"},"content":{"rendered":"\n<p>Los da\u00f1os y pintas registrados en templos del Centro Hist\u00f3rico durante la marcha del 8 de marzo generaron nuevamente debate sobre el impacto de las protestas feministas en inmuebles religiosos considerados patrimonio hist\u00f3rico. Autoridades eclesi\u00e1sticas informaron que ya solicitaron la intervenci\u00f3n del Instituto Nacional de Antropolog\u00eda e Historia (INAH) para evaluar y restaurar los recintos afectados.<\/p>\n\n\n\n<p>Entre los espacios que presentaron afectaciones se encuentran el templo de la Compa\u00f1\u00eda de Jes\u00fas y la Capilla de Loreto, donde se reportaron pintas en muros, puertas y algunas estructuras exteriores. De acuerdo con las primeras revisiones, los da\u00f1os no ser\u00edan irreversibles y podr\u00edan ser reparados mediante trabajos especializados de restauraci\u00f3n.<\/p>\n\n\n\n<p>Representantes de la Iglesia se\u00f1alaron que estos templos forman parte del patrimonio hist\u00f3rico y cultural, por lo que cualquier intervenci\u00f3n debe realizarse bajo supervisi\u00f3n de especialistas del INAH, dependencia responsable de la conservaci\u00f3n de este tipo de inmuebles.<\/p>\n\n\n\n<p>Tras los hechos, se llev\u00f3 a cabo una misa de desagravio en uno de los templos afectados, con el objetivo de reparar simb\u00f3licamente los da\u00f1os ocasionados durante la manifestaci\u00f3n.<\/p>\n\n\n\n<p>Las pintas realizadas durante la movilizaci\u00f3n incluyeron consignas relacionadas con la violencia contra las mujeres y cr\u00edticas hacia diversas instituciones. Cada a\u00f1o, este tipo de expresiones genera discusi\u00f3n entre quienes defienden el derecho a la protesta y quienes consideran que los da\u00f1os a edificios hist\u00f3ricos representan afectaciones al patrimonio cultural.<\/p>\n\n\n\n<p>Hasta el momento no se ha informado sobre el inicio formal de los trabajos de restauraci\u00f3n, aunque se prev\u00e9 que el INAH realice en los pr\u00f3ximos d\u00edas una evaluaci\u00f3n t\u00e9cnica para determinar el procedimiento de limpieza y reparaci\u00f3n de las superficies da\u00f1adas.<\/p>\n","protected":false},"excerpt":{"rendered":"<p>La Iglesia solicitar\u00e1 al INAH la restauraci\u00f3n de pintas y afectaciones registradas en recintos como la Compa\u00f1\u00eda de Jes\u00fas y la Capilla de Loreto.<\/p>\n","protected":false},"author":4,"featured_media":45059,"comment_status":"closed","ping_status":"closed","sticky":false,"template":"","format":"standard","meta":{"_et_pb_use_builder":"off","_et_pb_old_content":"","_et_gb_content_width":"","footnotes":""},"categories":[412,62],"tags":[],"class_list":["post-45051","post","type-post","status-publish","format-standard","has-post-thumbnail","hentry","category-destacado","category-redaccion"],"_links":{"self":[{"href":"https:\/\/gerardoduque.com.mx\/index.php?rest_route=\/wp\/v2\/posts\/45051","targetHints":{"allow":["GET"]}}],"collection":[{"href":"https:\/\/gerardoduque.com.mx\/index.php?rest_route=\/wp\/v2\/posts"}],"about":[{"href":"https:\/\/gerardoduque.com.mx\/index.php?rest_route=\/wp\/v2\/types\/post"}],"author":[{"embeddable":true,"href":"https:\/\/gerardoduque.com.mx\/index.php?rest_route=\/wp\/v2\/users\/4"}],"replies":[{"embeddable":true,"href":"https:\/\/gerardoduque.com.mx\/index.php?rest_route=%2Fwp%2Fv2%2Fcomments&post=45051"}],"version-history":[{"count":1,"href":"https:\/\/gerardoduque.com.mx\/index.php?rest_route=\/wp\/v2\/posts\/45051\/revisions"}],"predecessor-version":[{"id":45064,"href":"https:\/\/gerardoduque.com.mx\/index.php?rest_route=\/wp\/v2\/posts\/45051\/revisions\/45064"}],"wp:featuredmedia":[{"embeddable":true,"href":"https:\/\/gerardoduque.com.mx\/index.php?rest_route=\/wp\/v2\/media\/45059"}],"wp:attachment":[{"href":"https:\/\/gerardoduque.com.mx\/index.php?rest_route=%2Fwp%2Fv2%2Fmedia&parent=45051"}],"wp:term":[{"taxonomy":"category","embeddable":true,"href":"https:\/\/gerardoduque.com.mx\/index.php?rest_route=%2Fwp%2Fv2%2Fcategories&post=45051"},{"taxonomy":"post_tag","embeddable":true,"href":"https:\/\/gerardoduque.com.mx\/index.php?rest_route=%2Fwp%2Fv2%2Ftags&post=45051"}],"curies":[{"name":"wp","href":"https:\/\/api.w.org\/{rel}","templated":true}]}}