{"id":45037,"date":"2026-03-11T22:01:10","date_gmt":"2026-03-12T04:01:10","guid":{"rendered":"https:\/\/gerardoduque.com.mx\/?p=45037"},"modified":"2026-03-11T22:01:16","modified_gmt":"2026-03-12T04:01:16","slug":"rean-coordinacion-de-atencion-a-personas-con-discapacidad-en-el-gobierno-estatal","status":"publish","type":"post","link":"https:\/\/gerardoduque.com.mx\/?p=45037","title":{"rendered":"REAN COORDINACI\u00d3N DE ATENCI\u00d3N A PERSONAS CON DISCAPACIDAD EN EL GOBIERNO ESTATAL"},"content":{"rendered":"\n<p>La Secretar\u00eda General de Gobierno de San Luis Potos\u00ed inform\u00f3 la creaci\u00f3n de la Coordinaci\u00f3n de Atenci\u00f3n a Personas con Discapacidad, instancia que estar\u00e1 adscrita a la Subsecretar\u00eda de Derechos Humanos y Asuntos Jur\u00eddicos.<\/p>\n\n\n\n<p>El titular de la dependencia, J. Guadalupe Torres S\u00e1nchez, tom\u00f3 protesta a Isis Libertad Lara Felipe como responsable de la nueva \u00e1rea, la cual tendr\u00e1 entre sus funciones articular acciones entre dependencias, generar informaci\u00f3n especializada y promover el acceso de este sector de la poblaci\u00f3n a servicios p\u00fablicos.<\/p>\n\n\n\n<p>De acuerdo con lo informado, la coordinaci\u00f3n forma parte de las acciones contempladas en el Plan Estatal de Desarrollo 2021\u20132027 de San Luis Potos\u00ed y estar\u00e1 encargada de elaborar diagn\u00f3sticos estatales y sectoriales relacionados con la atenci\u00f3n a personas con discapacidad.<\/p>\n\n\n\n<p>Entre sus atribuciones tambi\u00e9n se contempla el dise\u00f1o de mecanismos de participaci\u00f3n y consulta, as\u00ed como la coordinaci\u00f3n de pol\u00edticas p\u00fablicas en materia de inclusi\u00f3n y accesibilidad dentro de la administraci\u00f3n estatal.<\/p>\n","protected":false},"excerpt":{"rendered":"<p>El gobierno estatal anunci\u00f3 la creaci\u00f3n de la Coordinaci\u00f3n de Atenci\u00f3n a Personas con Discapacidad, instancia encargada de articular pol\u00edticas p\u00fablicas, elaborar diagn\u00f3sticos y promover el acceso de este sector a servicios gubernamentales.<\/p>\n","protected":false},"author":4,"featured_media":45038,"comment_status":"closed","ping_status":"closed","sticky":false,"template":"","format":"standard","meta":{"_et_pb_use_builder":"off","_et_pb_old_content":"","_et_gb_content_width":"","footnotes":""},"categories":[62,280],"tags":[],"class_list":["post-45037","post","type-post","status-publish","format-standard","has-post-thumbnail","hentry","category-redaccion","category-gob-slp"],"_links":{"self":[{"href":"https:\/\/gerardoduque.com.mx\/index.php?rest_route=\/wp\/v2\/posts\/45037","targetHints":{"allow":["GET"]}}],"collection":[{"href":"https:\/\/gerardoduque.com.mx\/index.php?rest_route=\/wp\/v2\/posts"}],"about":[{"href":"https:\/\/gerardoduque.com.mx\/index.php?rest_route=\/wp\/v2\/types\/post"}],"author":[{"embeddable":true,"href":"https:\/\/gerardoduque.com.mx\/index.php?rest_route=\/wp\/v2\/users\/4"}],"replies":[{"embeddable":true,"href":"https:\/\/gerardoduque.com.mx\/index.php?rest_route=%2Fwp%2Fv2%2Fcomments&post=45037"}],"version-history":[{"count":2,"href":"https:\/\/gerardoduque.com.mx\/index.php?rest_route=\/wp\/v2\/posts\/45037\/revisions"}],"predecessor-version":[{"id":45040,"href":"https:\/\/gerardoduque.com.mx\/index.php?rest_route=\/wp\/v2\/posts\/45037\/revisions\/45040"}],"wp:featuredmedia":[{"embeddable":true,"href":"https:\/\/gerardoduque.com.mx\/index.php?rest_route=\/wp\/v2\/media\/45038"}],"wp:attachment":[{"href":"https:\/\/gerardoduque.com.mx\/index.php?rest_route=%2Fwp%2Fv2%2Fmedia&parent=45037"}],"wp:term":[{"taxonomy":"category","embeddable":true,"href":"https:\/\/gerardoduque.com.mx\/index.php?rest_route=%2Fwp%2Fv2%2Fcategories&post=45037"},{"taxonomy":"post_tag","embeddable":true,"href":"https:\/\/gerardoduque.com.mx\/index.php?rest_route=%2Fwp%2Fv2%2Ftags&post=45037"}],"curies":[{"name":"wp","href":"https:\/\/api.w.org\/{rel}","templated":true}]}}