{"id":45034,"date":"2026-03-11T21:52:50","date_gmt":"2026-03-12T03:52:50","guid":{"rendered":"https:\/\/gerardoduque.com.mx\/?p=45034"},"modified":"2026-03-11T21:52:54","modified_gmt":"2026-03-12T03:52:54","slug":"inauguran-semana-cultural-de-san-luis-potosi-en-el-senado-de-la-republica","status":"publish","type":"post","link":"https:\/\/gerardoduque.com.mx\/?p=45034","title":{"rendered":"INAUGURAN SEMANA CULTURAL DE SAN LUIS POTOS\u00cd EN EL SENADO DE LA REP\u00daBLICA"},"content":{"rendered":"\n<p>El gobernador de San Luis Potos\u00ed, Ricardo Gallardo Cardona, particip\u00f3 en la inauguraci\u00f3n de la Semana Cultural de San Luis Potos\u00ed realizada en el Senado de la Rep\u00fablica.<\/p>\n\n\n\n<p>El evento fue impulsado por la senadora Ruth Gonz\u00e1lez Silva y contempla actividades orientadas a difundir la cultura, tradiciones, artesan\u00eda y gastronom\u00eda de las cuatro regiones del estado ante legisladores federales y visitantes.<\/p>\n\n\n\n<p>Durante la jornada se present\u00f3 la Orquesta Sinf\u00f3nica de San Luis Potos\u00ed, adem\u00e1s de una muestra de elementos culturales representativos de la entidad.<\/p>\n\n\n\n<p>En el encuentro tambi\u00e9n se mencion\u00f3 la presencia de seis destinos con la denominaci\u00f3n de Pueblos M\u00e1gicos de M\u00e9xico en el estado, entre ellos Real de Catorce, como parte de la promoci\u00f3n tur\u00edstica que se realiza a nivel nacional.<\/p>\n","protected":false},"excerpt":{"rendered":"<p>La Semana Cultural de San Luis Potos\u00ed fue inaugurada en el Senado de la Rep\u00fablica con actividades culturales y art\u00edsticas para difundir tradiciones, gastronom\u00eda y atractivos tur\u00edsticos del estado.<\/p>\n","protected":false},"author":4,"featured_media":45035,"comment_status":"closed","ping_status":"closed","sticky":false,"template":"","format":"standard","meta":{"_et_pb_use_builder":"off","_et_pb_old_content":"","_et_gb_content_width":"","footnotes":""},"categories":[62,280],"tags":[],"class_list":["post-45034","post","type-post","status-publish","format-standard","has-post-thumbnail","hentry","category-redaccion","category-gob-slp"],"_links":{"self":[{"href":"https:\/\/gerardoduque.com.mx\/index.php?rest_route=\/wp\/v2\/posts\/45034","targetHints":{"allow":["GET"]}}],"collection":[{"href":"https:\/\/gerardoduque.com.mx\/index.php?rest_route=\/wp\/v2\/posts"}],"about":[{"href":"https:\/\/gerardoduque.com.mx\/index.php?rest_route=\/wp\/v2\/types\/post"}],"author":[{"embeddable":true,"href":"https:\/\/gerardoduque.com.mx\/index.php?rest_route=\/wp\/v2\/users\/4"}],"replies":[{"embeddable":true,"href":"https:\/\/gerardoduque.com.mx\/index.php?rest_route=%2Fwp%2Fv2%2Fcomments&post=45034"}],"version-history":[{"count":1,"href":"https:\/\/gerardoduque.com.mx\/index.php?rest_route=\/wp\/v2\/posts\/45034\/revisions"}],"predecessor-version":[{"id":45036,"href":"https:\/\/gerardoduque.com.mx\/index.php?rest_route=\/wp\/v2\/posts\/45034\/revisions\/45036"}],"wp:featuredmedia":[{"embeddable":true,"href":"https:\/\/gerardoduque.com.mx\/index.php?rest_route=\/wp\/v2\/media\/45035"}],"wp:attachment":[{"href":"https:\/\/gerardoduque.com.mx\/index.php?rest_route=%2Fwp%2Fv2%2Fmedia&parent=45034"}],"wp:term":[{"taxonomy":"category","embeddable":true,"href":"https:\/\/gerardoduque.com.mx\/index.php?rest_route=%2Fwp%2Fv2%2Fcategories&post=45034"},{"taxonomy":"post_tag","embeddable":true,"href":"https:\/\/gerardoduque.com.mx\/index.php?rest_route=%2Fwp%2Fv2%2Ftags&post=45034"}],"curies":[{"name":"wp","href":"https:\/\/api.w.org\/{rel}","templated":true}]}}