{"id":45031,"date":"2026-03-11T21:49:15","date_gmt":"2026-03-12T03:49:15","guid":{"rendered":"https:\/\/gerardoduque.com.mx\/?p=45031"},"modified":"2026-03-11T21:49:20","modified_gmt":"2026-03-12T03:49:20","slug":"entregan-210-kits-de-higiene-a-mujeres-en-el-centro-de-reinsercion-social-de-la-pila","status":"publish","type":"post","link":"https:\/\/gerardoduque.com.mx\/?p=45031","title":{"rendered":"ENTREGAN 210 KITS DE HIGIENE A MUJERES EN EL CENTRO DE REINSERCI\u00d3N SOCIAL DE LA PILA"},"content":{"rendered":"\n<p>La Secretar\u00eda de Seguridad y Protecci\u00f3n Ciudadana de San Luis Potos\u00ed realiz\u00f3 una jornada de capacitaci\u00f3n y apoyo dirigida a mujeres privadas de la libertad en el Centro de Reinserci\u00f3n Social de la delegaci\u00f3n de La Pila.<\/p>\n\n\n\n<p>Durante la actividad se entregaron 210 kits de higiene a la poblaci\u00f3n femenil del centro penitenciario, como parte de las acciones institucionales dirigidas a la atenci\u00f3n de las personas en reclusi\u00f3n.<\/p>\n\n\n\n<p>En el marco del D\u00eda Internacional de la Mujer se imparti\u00f3 una pl\u00e1tica de sensibilizaci\u00f3n dirigida a las internas, a cargo de Azalia Donah\u00ed Enr\u00edquez. En la jornada tambi\u00e9n particip\u00f3 la titular de la Secretar\u00eda de las Mujeres e Igualdad Sustantiva, Gloria Serrato S\u00e1nchez, quien realiz\u00f3 un recorrido por los talleres de la secci\u00f3n femenil del centro.<\/p>\n\n\n\n<p>El titular de la corporaci\u00f3n, Jes\u00fas Ju\u00e1rez Hern\u00e1ndez, indic\u00f3 que estas actividades forman parte de las acciones orientadas a la atenci\u00f3n de mujeres en centros de reinserci\u00f3n social y al seguimiento de sus condiciones dentro del sistema penitenciario.<\/p>\n","protected":false},"excerpt":{"rendered":"<p>Autoridades estatales realizaron una jornada de apoyo en el Centro de Reinserci\u00f3n Social de La Pila, donde se entregaron 210 kits de higiene y se imparti\u00f3 una pl\u00e1tica de sensibilizaci\u00f3n a mujeres privadas de la libertad.<\/p>\n","protected":false},"author":4,"featured_media":45032,"comment_status":"closed","ping_status":"closed","sticky":false,"template":"","format":"standard","meta":{"_et_pb_use_builder":"off","_et_pb_old_content":"","_et_gb_content_width":"","footnotes":""},"categories":[62,280],"tags":[],"class_list":["post-45031","post","type-post","status-publish","format-standard","has-post-thumbnail","hentry","category-redaccion","category-gob-slp"],"_links":{"self":[{"href":"https:\/\/gerardoduque.com.mx\/index.php?rest_route=\/wp\/v2\/posts\/45031","targetHints":{"allow":["GET"]}}],"collection":[{"href":"https:\/\/gerardoduque.com.mx\/index.php?rest_route=\/wp\/v2\/posts"}],"about":[{"href":"https:\/\/gerardoduque.com.mx\/index.php?rest_route=\/wp\/v2\/types\/post"}],"author":[{"embeddable":true,"href":"https:\/\/gerardoduque.com.mx\/index.php?rest_route=\/wp\/v2\/users\/4"}],"replies":[{"embeddable":true,"href":"https:\/\/gerardoduque.com.mx\/index.php?rest_route=%2Fwp%2Fv2%2Fcomments&post=45031"}],"version-history":[{"count":1,"href":"https:\/\/gerardoduque.com.mx\/index.php?rest_route=\/wp\/v2\/posts\/45031\/revisions"}],"predecessor-version":[{"id":45033,"href":"https:\/\/gerardoduque.com.mx\/index.php?rest_route=\/wp\/v2\/posts\/45031\/revisions\/45033"}],"wp:featuredmedia":[{"embeddable":true,"href":"https:\/\/gerardoduque.com.mx\/index.php?rest_route=\/wp\/v2\/media\/45032"}],"wp:attachment":[{"href":"https:\/\/gerardoduque.com.mx\/index.php?rest_route=%2Fwp%2Fv2%2Fmedia&parent=45031"}],"wp:term":[{"taxonomy":"category","embeddable":true,"href":"https:\/\/gerardoduque.com.mx\/index.php?rest_route=%2Fwp%2Fv2%2Fcategories&post=45031"},{"taxonomy":"post_tag","embeddable":true,"href":"https:\/\/gerardoduque.com.mx\/index.php?rest_route=%2Fwp%2Fv2%2Ftags&post=45031"}],"curies":[{"name":"wp","href":"https:\/\/api.w.org\/{rel}","templated":true}]}}