{"id":45025,"date":"2026-03-11T21:42:44","date_gmt":"2026-03-12T03:42:44","guid":{"rendered":"https:\/\/gerardoduque.com.mx\/?p=45025"},"modified":"2026-03-11T21:42:47","modified_gmt":"2026-03-12T03:42:47","slug":"cuatro-menores-son-integrados-a-familias-mediante-procesos-de-adopcion","status":"publish","type":"post","link":"https:\/\/gerardoduque.com.mx\/?p=45025","title":{"rendered":"CUATRO MENORES SON INTEGRADOS A FAMILIAS MEDIANTE PROCESOS DE ADOPCI\u00d3N"},"content":{"rendered":"\n<p>El Sistema Estatal para el Desarrollo Integral de la Familia inform\u00f3 que cuatro menores fueron integrados legalmente a nuevos hogares como parte de los procesos de adopci\u00f3n que se realizan en la entidad.<\/p>\n\n\n\n<p>La directora general del organismo, Virginia Z\u00fa\u00f1iga Maldonado, se\u00f1al\u00f3 que estas resoluciones forman parte de los procedimientos institucionales orientados a garantizar el derecho de ni\u00f1as y ni\u00f1os a vivir en un entorno familiar.<\/p>\n\n\n\n<p>De acuerdo con la dependencia, durante la actual administraci\u00f3n se han concretado 42 adopciones en el estado mediante procesos legales que incluyen evaluaciones, seguimiento institucional y resoluciones judiciales.<\/p>\n\n\n\n<p>El organismo indic\u00f3 que estas acciones forman parte de las pol\u00edticas p\u00fablicas dirigidas a la protecci\u00f3n de los derechos de la ni\u00f1ez y al acompa\u00f1amiento de familias interesadas en procesos de adopci\u00f3n.<\/p>\n","protected":false},"excerpt":{"rendered":"<p>Cuatro menores fueron integrados legalmente a nuevas familias a trav\u00e9s de procesos de adopci\u00f3n gestionados por el DIF estatal. En la actual administraci\u00f3n se han concretado 42 adopciones en la entidad.<\/p>\n","protected":false},"author":4,"featured_media":45026,"comment_status":"closed","ping_status":"closed","sticky":false,"template":"","format":"standard","meta":{"_et_pb_use_builder":"off","_et_pb_old_content":"","_et_gb_content_width":"","footnotes":""},"categories":[62,280],"tags":[],"class_list":["post-45025","post","type-post","status-publish","format-standard","has-post-thumbnail","hentry","category-redaccion","category-gob-slp"],"_links":{"self":[{"href":"https:\/\/gerardoduque.com.mx\/index.php?rest_route=\/wp\/v2\/posts\/45025","targetHints":{"allow":["GET"]}}],"collection":[{"href":"https:\/\/gerardoduque.com.mx\/index.php?rest_route=\/wp\/v2\/posts"}],"about":[{"href":"https:\/\/gerardoduque.com.mx\/index.php?rest_route=\/wp\/v2\/types\/post"}],"author":[{"embeddable":true,"href":"https:\/\/gerardoduque.com.mx\/index.php?rest_route=\/wp\/v2\/users\/4"}],"replies":[{"embeddable":true,"href":"https:\/\/gerardoduque.com.mx\/index.php?rest_route=%2Fwp%2Fv2%2Fcomments&post=45025"}],"version-history":[{"count":1,"href":"https:\/\/gerardoduque.com.mx\/index.php?rest_route=\/wp\/v2\/posts\/45025\/revisions"}],"predecessor-version":[{"id":45027,"href":"https:\/\/gerardoduque.com.mx\/index.php?rest_route=\/wp\/v2\/posts\/45025\/revisions\/45027"}],"wp:featuredmedia":[{"embeddable":true,"href":"https:\/\/gerardoduque.com.mx\/index.php?rest_route=\/wp\/v2\/media\/45026"}],"wp:attachment":[{"href":"https:\/\/gerardoduque.com.mx\/index.php?rest_route=%2Fwp%2Fv2%2Fmedia&parent=45025"}],"wp:term":[{"taxonomy":"category","embeddable":true,"href":"https:\/\/gerardoduque.com.mx\/index.php?rest_route=%2Fwp%2Fv2%2Fcategories&post=45025"},{"taxonomy":"post_tag","embeddable":true,"href":"https:\/\/gerardoduque.com.mx\/index.php?rest_route=%2Fwp%2Fv2%2Ftags&post=45025"}],"curies":[{"name":"wp","href":"https:\/\/api.w.org\/{rel}","templated":true}]}}