{"id":45019,"date":"2026-03-11T21:07:53","date_gmt":"2026-03-12T03:07:53","guid":{"rendered":"https:\/\/gerardoduque.com.mx\/?p=45019"},"modified":"2026-03-11T21:07:58","modified_gmt":"2026-03-12T03:07:58","slug":"capacitan-a-prestadores-de-servicios-turisticos-en-primeros-auxilios-en-ciudad-valles","status":"publish","type":"post","link":"https:\/\/gerardoduque.com.mx\/?p=45019","title":{"rendered":"CAPACITAN A PRESTADORES DE SERVICIOS TUR\u00cdSTICOS EN PRIMEROS AUXILIOS EN CIUDAD VALLES"},"content":{"rendered":"\n<p>Como parte de las acciones impulsadas por el Presidente Municipal para fortalecer la seguridad y la calidad en la atenci\u00f3n a visitantes, la direcci\u00f3n de Turismo, llev\u00f3 a cabo en las Cascadas de Micos Pago-Pago una capacitaci\u00f3n intensiva en primeros auxilios y RCP dirigida a prestadores de servicios tur\u00edsticos de distintos parajes del municipio.<\/p>\n\n\n\n<p>En representaci\u00f3n del Alcalde Municipal, el director General de Gesti\u00f3n P\u00fablica y Participaci\u00f3n Ciudadana, destac\u00f3 el compromiso del Gobierno Municipal por mantener un turismo ordenado, seguro y con personal debidamente capacitado, que garantice una atenci\u00f3n profesional a quienes visitan los atractivos naturales de la regi\u00f3n.<\/p>\n\n\n\n<p>La capacitaci\u00f3n fue impartida por el Centro de Capacitaci\u00f3n CREEBSabordando temas como evaluaci\u00f3n del paciente, atenci\u00f3n en casos de asfixia, control de hemorragias, manejo de lesiones y transporte de lesionados, adem\u00e1s de t\u00e9cnicas de Reanimaci\u00f3n Cardiopulmonar (RCP), teniendo una participaci\u00f3n de 38 prestadores y gu\u00edas de turismo.<\/p>\n\n\n\n<p>Estas acciones tambi\u00e9n forman parte del proceso para cumplir con los requisitos establecidos por Protecci\u00f3n Civil estatal y municipal, con el objetivo de que los prestadores de servicios se encuentren preparados para brindar atenci\u00f3n adecuada durante la temporada de Semana Santa cuando se incrementa la afluencia tur\u00edstica en la regi\u00f3n.<\/p>\n","protected":false},"excerpt":{"rendered":"<p>Prestadores de servicios tur\u00edsticos de distintos parajes de Ciudad Valles participaron en una capacitaci\u00f3n intensiva en primeros auxilios y RCP realizada en las Cascadas de Micos Pago-Pago. En el curso se abordaron temas como atenci\u00f3n a asfixia, control de hemorragias, manejo de lesiones y traslado de personas lesionadas. La actividad busca fortalecer la seguridad en los sitios tur\u00edsticos y preparar al personal ante el aumento de visitantes durante la temporada de Semana Santa.<\/p>\n","protected":false},"author":4,"featured_media":45020,"comment_status":"closed","ping_status":"closed","sticky":false,"template":"","format":"standard","meta":{"_et_pb_use_builder":"off","_et_pb_old_content":"","_et_gb_content_width":"","footnotes":""},"categories":[62],"tags":[],"class_list":["post-45019","post","type-post","status-publish","format-standard","has-post-thumbnail","hentry","category-redaccion"],"_links":{"self":[{"href":"https:\/\/gerardoduque.com.mx\/index.php?rest_route=\/wp\/v2\/posts\/45019","targetHints":{"allow":["GET"]}}],"collection":[{"href":"https:\/\/gerardoduque.com.mx\/index.php?rest_route=\/wp\/v2\/posts"}],"about":[{"href":"https:\/\/gerardoduque.com.mx\/index.php?rest_route=\/wp\/v2\/types\/post"}],"author":[{"embeddable":true,"href":"https:\/\/gerardoduque.com.mx\/index.php?rest_route=\/wp\/v2\/users\/4"}],"replies":[{"embeddable":true,"href":"https:\/\/gerardoduque.com.mx\/index.php?rest_route=%2Fwp%2Fv2%2Fcomments&post=45019"}],"version-history":[{"count":1,"href":"https:\/\/gerardoduque.com.mx\/index.php?rest_route=\/wp\/v2\/posts\/45019\/revisions"}],"predecessor-version":[{"id":45021,"href":"https:\/\/gerardoduque.com.mx\/index.php?rest_route=\/wp\/v2\/posts\/45019\/revisions\/45021"}],"wp:featuredmedia":[{"embeddable":true,"href":"https:\/\/gerardoduque.com.mx\/index.php?rest_route=\/wp\/v2\/media\/45020"}],"wp:attachment":[{"href":"https:\/\/gerardoduque.com.mx\/index.php?rest_route=%2Fwp%2Fv2%2Fmedia&parent=45019"}],"wp:term":[{"taxonomy":"category","embeddable":true,"href":"https:\/\/gerardoduque.com.mx\/index.php?rest_route=%2Fwp%2Fv2%2Fcategories&post=45019"},{"taxonomy":"post_tag","embeddable":true,"href":"https:\/\/gerardoduque.com.mx\/index.php?rest_route=%2Fwp%2Fv2%2Ftags&post=45019"}],"curies":[{"name":"wp","href":"https:\/\/api.w.org\/{rel}","templated":true}]}}