{"id":45016,"date":"2026-03-11T12:39:49","date_gmt":"2026-03-11T18:39:49","guid":{"rendered":"https:\/\/gerardoduque.com.mx\/?p=45016"},"modified":"2026-03-11T12:39:52","modified_gmt":"2026-03-11T18:39:52","slug":"gobierno-de-mexico-impulsa-en-cd-valles-acciones-para-reconstruir-el-tejido-social","status":"publish","type":"post","link":"https:\/\/gerardoduque.com.mx\/?p=45016","title":{"rendered":"GOBIERNO DE M\u00c9XICO IMPULSA EN CD. VALLES ACCIONES PARA RECONSTRUIR EL TEJIDO SOCIAL"},"content":{"rendered":"\n<p>El Gobierno de M\u00e9xico puso en marcha en Ciudad Valles, San Luis Potos\u00ed, la primera acci\u00f3n institucional del eje \u201cAtenci\u00f3n a las Causas\u201d de la estrategia nacional de seguridad, con una intervenci\u00f3n social en la colonia Buenos Aires orientada a atender factores que originan la violencia. El arranque forma parte del plan impulsado por la presidenta Claudia Sheinbaum Pardo, que plantea fortalecer la seguridad a partir de acciones sociales y presencia territorial en comunidades.<\/p>\n\n\n\n<p>La jornada fue coordinada por la Secretar\u00eda de Gobernaci\u00f3n, encabezada por Rosa Icela Rodr\u00edguez Vel\u00e1zquez, a trav\u00e9s de la Subsecretar\u00eda de Construcci\u00f3n de Paz, Participaci\u00f3n Social y Asuntos Religiosos, dirigida por Roc\u00edo B\u00e1rcena Molina. La intervenci\u00f3n incluy\u00f3 actividades de proximidad con la poblaci\u00f3n, di\u00e1logo directo con vecinos y acciones orientadas a fortalecer la convivencia comunitaria y reconstruir el tejido social.<\/p>\n\n\n\n<p>Las autoridades federales trabajaron en coordinaci\u00f3n con el Ayuntamiento de Ciudad Valles, encabezado por el alcalde David Armando Medina Salazar, con el objetivo de articular esfuerzos institucionales para atender problem\u00e1ticas sociales en la zona. El gobierno federal se\u00f1al\u00f3 que este modelo busca consolidar una estrategia de seguridad basada en la prevenci\u00f3n, la justicia social y el fortalecimiento de la relaci\u00f3n entre las instituciones y la ciudadan\u00eda.<\/p>\n","protected":false},"excerpt":{"rendered":"<p>Autoridades impulsan di\u00e1logo comunitario y programas sociales para fortalecer la paz<\/p>\n","protected":false},"author":4,"featured_media":45017,"comment_status":"closed","ping_status":"closed","sticky":false,"template":"","format":"standard","meta":{"_et_pb_use_builder":"off","_et_pb_old_content":"","_et_gb_content_width":"","footnotes":""},"categories":[412,62],"tags":[],"class_list":["post-45016","post","type-post","status-publish","format-standard","has-post-thumbnail","hentry","category-destacado","category-redaccion"],"_links":{"self":[{"href":"https:\/\/gerardoduque.com.mx\/index.php?rest_route=\/wp\/v2\/posts\/45016","targetHints":{"allow":["GET"]}}],"collection":[{"href":"https:\/\/gerardoduque.com.mx\/index.php?rest_route=\/wp\/v2\/posts"}],"about":[{"href":"https:\/\/gerardoduque.com.mx\/index.php?rest_route=\/wp\/v2\/types\/post"}],"author":[{"embeddable":true,"href":"https:\/\/gerardoduque.com.mx\/index.php?rest_route=\/wp\/v2\/users\/4"}],"replies":[{"embeddable":true,"href":"https:\/\/gerardoduque.com.mx\/index.php?rest_route=%2Fwp%2Fv2%2Fcomments&post=45016"}],"version-history":[{"count":1,"href":"https:\/\/gerardoduque.com.mx\/index.php?rest_route=\/wp\/v2\/posts\/45016\/revisions"}],"predecessor-version":[{"id":45018,"href":"https:\/\/gerardoduque.com.mx\/index.php?rest_route=\/wp\/v2\/posts\/45016\/revisions\/45018"}],"wp:featuredmedia":[{"embeddable":true,"href":"https:\/\/gerardoduque.com.mx\/index.php?rest_route=\/wp\/v2\/media\/45017"}],"wp:attachment":[{"href":"https:\/\/gerardoduque.com.mx\/index.php?rest_route=%2Fwp%2Fv2%2Fmedia&parent=45016"}],"wp:term":[{"taxonomy":"category","embeddable":true,"href":"https:\/\/gerardoduque.com.mx\/index.php?rest_route=%2Fwp%2Fv2%2Fcategories&post=45016"},{"taxonomy":"post_tag","embeddable":true,"href":"https:\/\/gerardoduque.com.mx\/index.php?rest_route=%2Fwp%2Fv2%2Ftags&post=45016"}],"curies":[{"name":"wp","href":"https:\/\/api.w.org\/{rel}","templated":true}]}}