{"id":45012,"date":"2026-03-10T22:57:46","date_gmt":"2026-03-11T04:57:46","guid":{"rendered":"https:\/\/gerardoduque.com.mx\/?p=45012"},"modified":"2026-03-10T22:57:51","modified_gmt":"2026-03-11T04:57:51","slug":"ayuntamiento-de-ciudad-valles-analiza-convenio-educativo-con-el-ieea","status":"publish","type":"post","link":"https:\/\/gerardoduque.com.mx\/?p=45012","title":{"rendered":"AYUNTAMIENTO DE CIUDAD VALLES ANALIZA CONVENIO EDUCATIVO CON EL IEEA"},"content":{"rendered":"\n<p>La Direcci\u00f3n de Planeaci\u00f3n, con la participaci\u00f3n de la Coordinaci\u00f3n de Derechos Humanos en el Municipio, sostuvo una mesa de trabajo con personal del Instituto Estatal de Educaci\u00f3n para Adultos (IEEA), a fin de generar acciones que permitan fortalecer la educaci\u00f3n y la preparaci\u00f3n acad\u00e9mica de los trabajadores del Ayuntamiento de Ciudad Valles.<\/p>\n\n\n\n<p>Se expres\u00f3 que durante el di\u00e1logo sostenido con el coordinador de la zona 06 del IEEA, se analiz\u00f3 la firma de un convenio de colaboraci\u00f3n para implementar el programa \u201cEl Buen Juez, por su casa empieza\u201d, programa educativo que busca brindar oportunidades para que trabajadores del Ayuntamiento que no hayan concluido sus estudios de educaci\u00f3n b\u00e1sica, puedan regularizar su situaci\u00f3n acad\u00e9mica mediante un sistema flexible, din\u00e1mico y con certificaci\u00f3n oficial, lo que adem\u00e1s abre oportunidades para continuar con su preparaci\u00f3n educativa.<\/p>\n\n\n\n<p>El programa permitir\u00e1 que colaboradores municipales puedan fortalecer su formaci\u00f3n, mejorando as\u00ed sus oportunidades de desarrollo personal y profesional. Se inform\u00f3 que el convenio permitir\u00e1 iniciar este esfuerzo dentro del propio Ayuntamiento, con el objetivo de reducir el rezago educativo entre el personal, principalmente en \u00e1reas operativas.<\/p>\n\n\n\n<p>Con estas acciones, el Gobierno Municipal, refrenda su compromiso de no dejar a nadie atr\u00e1s, promoviendo la educaci\u00f3n como una herramienta clave para el crecimiento personal, la dignificaci\u00f3n del servicio p\u00fablico y la construcci\u00f3n de un mejor Ciudad Valles.<\/p>\n","protected":false},"excerpt":{"rendered":"<p>El Ayuntamiento de Ciudad Valles sostuvo una reuni\u00f3n con el Instituto Estatal de Educaci\u00f3n para Adultos para analizar un convenio que permita aplicar el programa El Buen Juez, por su casa empieza, dirigido a trabajadores municipales que no han concluido su educaci\u00f3n b\u00e1sica.<\/p>\n","protected":false},"author":4,"featured_media":45013,"comment_status":"closed","ping_status":"closed","sticky":false,"template":"","format":"standard","meta":{"_et_pb_use_builder":"off","_et_pb_old_content":"","_et_gb_content_width":"","footnotes":""},"categories":[62,280],"tags":[],"class_list":["post-45012","post","type-post","status-publish","format-standard","has-post-thumbnail","hentry","category-redaccion","category-gob-slp"],"_links":{"self":[{"href":"https:\/\/gerardoduque.com.mx\/index.php?rest_route=\/wp\/v2\/posts\/45012","targetHints":{"allow":["GET"]}}],"collection":[{"href":"https:\/\/gerardoduque.com.mx\/index.php?rest_route=\/wp\/v2\/posts"}],"about":[{"href":"https:\/\/gerardoduque.com.mx\/index.php?rest_route=\/wp\/v2\/types\/post"}],"author":[{"embeddable":true,"href":"https:\/\/gerardoduque.com.mx\/index.php?rest_route=\/wp\/v2\/users\/4"}],"replies":[{"embeddable":true,"href":"https:\/\/gerardoduque.com.mx\/index.php?rest_route=%2Fwp%2Fv2%2Fcomments&post=45012"}],"version-history":[{"count":1,"href":"https:\/\/gerardoduque.com.mx\/index.php?rest_route=\/wp\/v2\/posts\/45012\/revisions"}],"predecessor-version":[{"id":45014,"href":"https:\/\/gerardoduque.com.mx\/index.php?rest_route=\/wp\/v2\/posts\/45012\/revisions\/45014"}],"wp:featuredmedia":[{"embeddable":true,"href":"https:\/\/gerardoduque.com.mx\/index.php?rest_route=\/wp\/v2\/media\/45013"}],"wp:attachment":[{"href":"https:\/\/gerardoduque.com.mx\/index.php?rest_route=%2Fwp%2Fv2%2Fmedia&parent=45012"}],"wp:term":[{"taxonomy":"category","embeddable":true,"href":"https:\/\/gerardoduque.com.mx\/index.php?rest_route=%2Fwp%2Fv2%2Fcategories&post=45012"},{"taxonomy":"post_tag","embeddable":true,"href":"https:\/\/gerardoduque.com.mx\/index.php?rest_route=%2Fwp%2Fv2%2Ftags&post=45012"}],"curies":[{"name":"wp","href":"https:\/\/api.w.org\/{rel}","templated":true}]}}