{"id":44996,"date":"2026-03-10T20:56:14","date_gmt":"2026-03-11T02:56:14","guid":{"rendered":"https:\/\/gerardoduque.com.mx\/?p=44996"},"modified":"2026-03-10T20:56:20","modified_gmt":"2026-03-11T02:56:20","slug":"indigenas-de-la-huasteca-advierten-que-sheinbaum-rompe-su-promesa-contra-el-fracking","status":"publish","type":"post","link":"https:\/\/gerardoduque.com.mx\/?p=44996","title":{"rendered":"IND\u00cdGENAS DE LA HUASTECA ADVIERTEN QUE SHEINBAUM ROMPE SU PROMESA CONTRA EL FRACKING"},"content":{"rendered":"\n<p>Comunidades ind\u00edgenas de la Huasteca potosina rechazaron de forma en\u00e9rgica cualquier intento de permitir la fracturaci\u00f3n hidr\u00e1ulica (fracking) en la regi\u00f3n y acusaron un posible cambio de postura del gobierno federal, se\u00f1alando directamente a la presidenta Claudia Sheinbaum Pardo por lo que consideran un \u201cgiro alarmante\u201d respecto a su promesa de prohibir esta t\u00e9cnica.<\/p>\n\n\n\n<p>En un pronunciamiento difundido desde el municipio de Tancanhuitz, representantes de 30 comunidades Tenek y N\u00e1huatl advirtieron que las recientes declaraciones de la mandataria federal \u201chan dejado entrever un giro alarmante en su compromiso n\u00famero 75 de los \u2018100 Puntos de Gobierno\u2019\u201d, en el que, se\u00f1alan, se prometi\u00f3 expl\u00edcitamente la prohibici\u00f3n de la fractura hidr\u00e1ulica en M\u00e9xico.<\/p>\n\n\n\n<p>Los firmantes del documento expresaron su preocupaci\u00f3n porque, seg\u00fan afirmaron, ahora se pretende impulsar la exploraci\u00f3n y explotaci\u00f3n de hidrocarburos en yacimientos de \u201cgeolog\u00eda compleja\u201d, lo que implicar\u00eda inevitablemente el uso de fracking en la Cuenca Tampico-Misantla, donde se ubica parte de la Huasteca potosina.<\/p>\n\n\n\n<p>Las comunidades sostienen que el cambio de narrativa busca evitar el costo pol\u00edtico de permitir esta t\u00e9cnica, ya que la naturaleza de los yacimientos no convencionales exige la fracturaci\u00f3n hidr\u00e1ulica para liberar gas y petr\u00f3leo. En ese sentido, advirtieron que hablar de \u201csoberan\u00eda energ\u00e9tica\u201d mediante la extracci\u00f3n de gas nacional tambi\u00e9n resulta cuestionable, pues el desarrollo de estos proyectos depende en gran medida de tecnolog\u00eda, maquinaria y servicios especializados provenientes del extranjero.<\/p>\n\n\n\n<p>El pronunciamiento tambi\u00e9n alerta sobre los riesgos ambientales y sociales de esta pr\u00e1ctica, particularmente en una regi\u00f3n caracterizada por su riqueza h\u00eddrica y biol\u00f3gica. Seg\u00fan el documento, la actividad extractiva podr\u00eda poner en riesgo m\u00e1s de mil cuerpos de agua entre r\u00edos, manantiales y acu\u00edferos, adem\u00e1s de afectar tierras agr\u00edcolas y ecosistemas donde habitan miles de comunidades ind\u00edgenas.<\/p>\n\n\n\n<p>Los representantes ind\u00edgenas subrayaron que en la Huasteca existen 3,268 localidades habitadas principalmente por pueblos Tenek y N\u00e1huatl, cuyos medios de vida dependen de la agricultura y del acceso a recursos naturales, por lo que consideran que cualquier proyecto extractivo agravar\u00eda las condiciones de pobreza y marginaci\u00f3n que hist\u00f3ricamente enfrentan.<\/p>\n\n\n\n<p>Asimismo, denunciaron que avanzar en proyectos energ\u00e9ticos sin consulta previa violar\u00eda derechos reconocidos en la Constituci\u00f3n mexicana y en tratados internacionales, como el Convenio 169 de la Organizaci\u00f3n Internacional del Trabajo sobre pueblos ind\u00edgenas.<\/p>\n\n\n\n<p>Ante este escenario, las comunidades declararon que no otorgar\u00e1n su consentimiento al Plan Estrat\u00e9gico de Petr\u00f3leos Mexicanos ni a cualquier iniciativa que ponga en riesgo el agua, el medio ambiente o la vida comunitaria en la regi\u00f3n.<\/p>\n\n\n\n<p>Finalmente, solicitaron formalmente una audiencia directa con la presidenta Claudia Sheinbaum Pardo para abrir un di\u00e1logo directo sobre el tema y reiteraron que la Huasteca no es una zona de sacrificio, sino un ecosistema vivo y una cultura milenaria que debe ser protegida.<\/p>\n","protected":false},"excerpt":{"rendered":"<p>Se\u00f1alan que no dar\u00e1n consentimiento a proyectos de extracci\u00f3n que pongan en riesgo agua, territorio y biodiversidad<\/p>\n","protected":false},"author":4,"featured_media":44997,"comment_status":"closed","ping_status":"closed","sticky":false,"template":"","format":"standard","meta":{"_et_pb_use_builder":"off","_et_pb_old_content":"","_et_gb_content_width":"","footnotes":""},"categories":[412,62],"tags":[],"class_list":["post-44996","post","type-post","status-publish","format-standard","has-post-thumbnail","hentry","category-destacado","category-redaccion"],"_links":{"self":[{"href":"https:\/\/gerardoduque.com.mx\/index.php?rest_route=\/wp\/v2\/posts\/44996","targetHints":{"allow":["GET"]}}],"collection":[{"href":"https:\/\/gerardoduque.com.mx\/index.php?rest_route=\/wp\/v2\/posts"}],"about":[{"href":"https:\/\/gerardoduque.com.mx\/index.php?rest_route=\/wp\/v2\/types\/post"}],"author":[{"embeddable":true,"href":"https:\/\/gerardoduque.com.mx\/index.php?rest_route=\/wp\/v2\/users\/4"}],"replies":[{"embeddable":true,"href":"https:\/\/gerardoduque.com.mx\/index.php?rest_route=%2Fwp%2Fv2%2Fcomments&post=44996"}],"version-history":[{"count":1,"href":"https:\/\/gerardoduque.com.mx\/index.php?rest_route=\/wp\/v2\/posts\/44996\/revisions"}],"predecessor-version":[{"id":44998,"href":"https:\/\/gerardoduque.com.mx\/index.php?rest_route=\/wp\/v2\/posts\/44996\/revisions\/44998"}],"wp:featuredmedia":[{"embeddable":true,"href":"https:\/\/gerardoduque.com.mx\/index.php?rest_route=\/wp\/v2\/media\/44997"}],"wp:attachment":[{"href":"https:\/\/gerardoduque.com.mx\/index.php?rest_route=%2Fwp%2Fv2%2Fmedia&parent=44996"}],"wp:term":[{"taxonomy":"category","embeddable":true,"href":"https:\/\/gerardoduque.com.mx\/index.php?rest_route=%2Fwp%2Fv2%2Fcategories&post=44996"},{"taxonomy":"post_tag","embeddable":true,"href":"https:\/\/gerardoduque.com.mx\/index.php?rest_route=%2Fwp%2Fv2%2Ftags&post=44996"}],"curies":[{"name":"wp","href":"https:\/\/api.w.org\/{rel}","templated":true}]}}