{"id":44989,"date":"2026-03-10T18:51:34","date_gmt":"2026-03-11T00:51:34","guid":{"rendered":"https:\/\/gerardoduque.com.mx\/?p=44989"},"modified":"2026-03-10T18:51:39","modified_gmt":"2026-03-11T00:51:39","slug":"gallardo-asegura-que-candidatura-de-su-esposa-no-seria-nepotismo","status":"publish","type":"post","link":"https:\/\/gerardoduque.com.mx\/?p=44989","title":{"rendered":"GALLARDO ASEGURA QUE CANDIDATURA DE SU ESPOSA NO SER\u00cdA NEPOTISMO"},"content":{"rendered":"\n<p>El gobernador de San Luis Potos\u00ed, Ricardo Gallardo Cardona, rechaz\u00f3 que una eventual candidatura de su esposa, la senadora Ruth Gonz\u00e1lez Silva, al gobierno del estado pueda considerarse nepotismo. Durante una entrevista, el mandatario evit\u00f3 confirmar si la legisladora buscar\u00e1 participar en el pr\u00f3ximo proceso electoral, aunque asegur\u00f3 que el concepto ha sido malinterpretado dentro del debate pol\u00edtico.<\/p>\n\n\n\n<p>Gallardo Cardona explic\u00f3 que el nepotismo se refiere a cuando un funcionario utiliza su cargo para colocar a familiares dentro de la administraci\u00f3n p\u00fablica. \u201cSe ha malinterpretado el tema del nepotismo y creo que se ha desvirtuado totalmente. El nepotismo es cuando t\u00fa eres gobernador o presidente de la Rep\u00fablica y contratas a tus parientes, metes al t\u00edo, al pap\u00e1, al primo a trabajar; ese es el nepotismo\u201d, declar\u00f3 el mandatario al referirse a las cr\u00edticas por la posible aspiraci\u00f3n pol\u00edtica de su esposa.<\/p>\n\n\n\n<p>El gobernador a\u00f1adi\u00f3 que competir en una elecci\u00f3n constitucional no puede clasificarse como nepotismo, ya que la decisi\u00f3n final corresponde a los ciudadanos en las urnas. \u201cCuando vas y juegas una elecci\u00f3n constitucional y la gente decide, eso no es nepotismo\u201d, afirm\u00f3. Mientras tanto, la eventual participaci\u00f3n de la senadora del Partido Verde Ecologista de M\u00e9xico contin\u00faa generando debate pol\u00edtico sobre los l\u00edmites entre la participaci\u00f3n democr\u00e1tica y los posibles conflictos de inter\u00e9s en la vida p\u00fablica.<\/p>\n","protected":false},"excerpt":{"rendered":"<p>El mandatario se\u00f1ala que en una elecci\u00f3n constitucional es la ciudadan\u00eda quien decide en las urnas<\/p>\n","protected":false},"author":4,"featured_media":44990,"comment_status":"closed","ping_status":"closed","sticky":false,"template":"","format":"standard","meta":{"_et_pb_use_builder":"off","_et_pb_old_content":"","_et_gb_content_width":"","footnotes":""},"categories":[412,62],"tags":[],"class_list":["post-44989","post","type-post","status-publish","format-standard","has-post-thumbnail","hentry","category-destacado","category-redaccion"],"_links":{"self":[{"href":"https:\/\/gerardoduque.com.mx\/index.php?rest_route=\/wp\/v2\/posts\/44989","targetHints":{"allow":["GET"]}}],"collection":[{"href":"https:\/\/gerardoduque.com.mx\/index.php?rest_route=\/wp\/v2\/posts"}],"about":[{"href":"https:\/\/gerardoduque.com.mx\/index.php?rest_route=\/wp\/v2\/types\/post"}],"author":[{"embeddable":true,"href":"https:\/\/gerardoduque.com.mx\/index.php?rest_route=\/wp\/v2\/users\/4"}],"replies":[{"embeddable":true,"href":"https:\/\/gerardoduque.com.mx\/index.php?rest_route=%2Fwp%2Fv2%2Fcomments&post=44989"}],"version-history":[{"count":1,"href":"https:\/\/gerardoduque.com.mx\/index.php?rest_route=\/wp\/v2\/posts\/44989\/revisions"}],"predecessor-version":[{"id":44991,"href":"https:\/\/gerardoduque.com.mx\/index.php?rest_route=\/wp\/v2\/posts\/44989\/revisions\/44991"}],"wp:featuredmedia":[{"embeddable":true,"href":"https:\/\/gerardoduque.com.mx\/index.php?rest_route=\/wp\/v2\/media\/44990"}],"wp:attachment":[{"href":"https:\/\/gerardoduque.com.mx\/index.php?rest_route=%2Fwp%2Fv2%2Fmedia&parent=44989"}],"wp:term":[{"taxonomy":"category","embeddable":true,"href":"https:\/\/gerardoduque.com.mx\/index.php?rest_route=%2Fwp%2Fv2%2Fcategories&post=44989"},{"taxonomy":"post_tag","embeddable":true,"href":"https:\/\/gerardoduque.com.mx\/index.php?rest_route=%2Fwp%2Fv2%2Ftags&post=44989"}],"curies":[{"name":"wp","href":"https:\/\/api.w.org\/{rel}","templated":true}]}}