{"id":44971,"date":"2026-03-09T23:09:57","date_gmt":"2026-03-10T05:09:57","guid":{"rendered":"https:\/\/gerardoduque.com.mx\/?p=44971"},"modified":"2026-03-09T23:10:03","modified_gmt":"2026-03-10T05:10:03","slug":"defensoria-apoya-a-adultos-mayores-agredidos-en-ciudad-valles","status":"publish","type":"post","link":"https:\/\/gerardoduque.com.mx\/?p=44971","title":{"rendered":"DEFENSOR\u00cdA APOYA A ADULTOS MAYORES AGREDIDOS EN CIUDAD VALLES"},"content":{"rendered":"\n<p>Atendiendo las instrucciones del Presidente Municipal, la Direcci\u00f3n de Defensor\u00eda Social, del Ayuntamiento de Ciudad Valles, contin\u00faa trabajando en favor de la defensa de los derechos de las personas adultas mayores del municipio, especialmente en los casos donde su integridad y seguridad se ven vulneradas.<\/p>\n\n\n\n<p>La directora de la dependencia, inform\u00f3 que este domingo se brind\u00f3 acompa\u00f1amiento legal a una pareja de adultos mayores que refieren haber sido agredidos f\u00edsicamente por su propio hijo, quien presuntamente cuenta con alrededor de 17 denuncias en su contra por diversos delitos.<\/p>\n\n\n\n<p>Asimismo, destac\u00f3 que con la intervenci\u00f3n de la Guardia Civil Estatal se logr\u00f3 la detenci\u00f3n del sujeto, quien fue puesto a disposici\u00f3n de las autoridades correspondientes.<\/p>\n\n\n\n<p>Detall\u00f3 que, ante estos hechos, personal de la Defensor\u00eda Social acompa\u00f1\u00f3 a las v\u00edctimas a la Fiscal\u00eda General del Estado de San Luis Potos\u00ed para presentar la denuncia correspondiente y dar seguimiento al proceso legal en contra del presunto agresor.<\/p>\n\n\n\n<p>La funcionaria reiter\u00f3 que la Defensor\u00eda Social mantiene su compromiso de brindar asesor\u00eda, acompa\u00f1amiento y respaldo legal a las personas adultas mayores que enfrenten situaciones de violencia o vulneraci\u00f3n de sus derechos, con el objetivo de garantizar su protecci\u00f3n y su acceso a la justicia.<\/p>\n","protected":false},"excerpt":{"rendered":"<p>La Defensor\u00eda Social del Ayuntamiento de CD Valles brind\u00f3 acompa\u00f1amiento legal a una pareja de adultos mayores que denunciaron haber sido agredidos por su propio hijo. Con apoyo de la Guardia Civil Estatal se logr\u00f3 la detenci\u00f3n del presunto agresor, quien fue puesto a disposici\u00f3n de las autoridades. Las v\u00edctimas tambi\u00e9n fueron acompa\u00f1adas a la Fiscal\u00eda para presentar la denuncia y dar seguimiento al caso.<\/p>\n","protected":false},"author":4,"featured_media":44972,"comment_status":"closed","ping_status":"closed","sticky":false,"template":"","format":"standard","meta":{"_et_pb_use_builder":"off","_et_pb_old_content":"","_et_gb_content_width":"","footnotes":""},"categories":[62],"tags":[],"class_list":["post-44971","post","type-post","status-publish","format-standard","has-post-thumbnail","hentry","category-redaccion"],"_links":{"self":[{"href":"https:\/\/gerardoduque.com.mx\/index.php?rest_route=\/wp\/v2\/posts\/44971","targetHints":{"allow":["GET"]}}],"collection":[{"href":"https:\/\/gerardoduque.com.mx\/index.php?rest_route=\/wp\/v2\/posts"}],"about":[{"href":"https:\/\/gerardoduque.com.mx\/index.php?rest_route=\/wp\/v2\/types\/post"}],"author":[{"embeddable":true,"href":"https:\/\/gerardoduque.com.mx\/index.php?rest_route=\/wp\/v2\/users\/4"}],"replies":[{"embeddable":true,"href":"https:\/\/gerardoduque.com.mx\/index.php?rest_route=%2Fwp%2Fv2%2Fcomments&post=44971"}],"version-history":[{"count":1,"href":"https:\/\/gerardoduque.com.mx\/index.php?rest_route=\/wp\/v2\/posts\/44971\/revisions"}],"predecessor-version":[{"id":44973,"href":"https:\/\/gerardoduque.com.mx\/index.php?rest_route=\/wp\/v2\/posts\/44971\/revisions\/44973"}],"wp:featuredmedia":[{"embeddable":true,"href":"https:\/\/gerardoduque.com.mx\/index.php?rest_route=\/wp\/v2\/media\/44972"}],"wp:attachment":[{"href":"https:\/\/gerardoduque.com.mx\/index.php?rest_route=%2Fwp%2Fv2%2Fmedia&parent=44971"}],"wp:term":[{"taxonomy":"category","embeddable":true,"href":"https:\/\/gerardoduque.com.mx\/index.php?rest_route=%2Fwp%2Fv2%2Fcategories&post=44971"},{"taxonomy":"post_tag","embeddable":true,"href":"https:\/\/gerardoduque.com.mx\/index.php?rest_route=%2Fwp%2Fv2%2Ftags&post=44971"}],"curies":[{"name":"wp","href":"https:\/\/api.w.org\/{rel}","templated":true}]}}