{"id":44965,"date":"2026-03-09T21:57:01","date_gmt":"2026-03-10T03:57:01","guid":{"rendered":"https:\/\/gerardoduque.com.mx\/?p=44965"},"modified":"2026-03-09T21:57:05","modified_gmt":"2026-03-10T03:57:05","slug":"investigan-tala-no-autorizada-en-bulevar-de-cd-valles","status":"publish","type":"post","link":"https:\/\/gerardoduque.com.mx\/?p=44965","title":{"rendered":"INVESTIGAN TALA NO AUTORIZADA EN BULEVAR DE CD VALLES"},"content":{"rendered":"\n<p>En apego al compromiso del Presidente Municipal de proteger el medio ambiente y garantizar el cumplimiento de la normatividad ecol\u00f3gica, el Ayuntamiento de Ciudad Valles, a trav\u00e9s de la Direcci\u00f3n de Ecolog\u00eda, iniciar\u00e1 un procedimiento administrativo tras detectarse la tala de un \u00e1rbol en el bulevar M\u00e9xico\u2013Laredo, a la altura de una instituci\u00f3n bancaria.<\/p>\n\n\n\n<p>El director de Ecolog\u00eda, inform\u00f3 que el permiso otorgado a los interesados fue \u00fanicamente para labores de desbroce y mantenimiento. Sin embargo, durante la intervenci\u00f3n se realiz\u00f3 la tala total del ejemplar, acci\u00f3n que no estaba contemplada dentro de la autorizaci\u00f3n dada.<\/p>\n\n\n\n<p>Ante esta situaci\u00f3n, se\u00f1al\u00f3 que se proceder\u00e1 conforme a la normativa ambiental vigente, iniciando el procedimiento administrativo correspondiente, el cual podr\u00eda derivar en sanciones que van de una a 150 UMA&#8217;s o tambi\u00e9n la implementaci\u00f3n de medidas de mitigaci\u00f3n para la reparaci\u00f3n del da\u00f1o ocasionado al entorno.<\/p>\n\n\n\n<p>Se explic\u00f3 que pudo tratarse de una confusi\u00f3n entre los trabajadores, quienes habr\u00edan interpretado de manera incorrecta el permiso otorgado para mantenimiento.<\/p>\n\n\n\n<p>El Gobierno Municipal, contin\u00faa trabajando en acciones que favorezcan al medio ambiente, por lo que continuar\u00e1 vigilando el cumplimiento de los permisos y aplicando las sanciones correspondientes cuando se incumpla la normatividad.<\/p>\n","protected":false},"excerpt":{"rendered":"<p>El Ayuntamiento de CD Valles iniciar\u00e1 un procedimiento administrativo tras detectarse la tala de un \u00e1rbol en el bulevar M\u00e9xico\u2013Laredo, a la altura de una instituci\u00f3n bancaria. La Direcci\u00f3n de Ecolog\u00eda inform\u00f3 que el permiso otorgado era solo para desbroce y mantenimiento, por lo que la tala total del ejemplar no estaba autorizada. El caso podr\u00eda derivar en sanciones econ\u00f3micas o medidas de mitigaci\u00f3n ambiental.<\/p>\n","protected":false},"author":4,"featured_media":44966,"comment_status":"closed","ping_status":"closed","sticky":false,"template":"","format":"standard","meta":{"_et_pb_use_builder":"off","_et_pb_old_content":"","_et_gb_content_width":"","footnotes":""},"categories":[62],"tags":[],"class_list":["post-44965","post","type-post","status-publish","format-standard","has-post-thumbnail","hentry","category-redaccion"],"_links":{"self":[{"href":"https:\/\/gerardoduque.com.mx\/index.php?rest_route=\/wp\/v2\/posts\/44965","targetHints":{"allow":["GET"]}}],"collection":[{"href":"https:\/\/gerardoduque.com.mx\/index.php?rest_route=\/wp\/v2\/posts"}],"about":[{"href":"https:\/\/gerardoduque.com.mx\/index.php?rest_route=\/wp\/v2\/types\/post"}],"author":[{"embeddable":true,"href":"https:\/\/gerardoduque.com.mx\/index.php?rest_route=\/wp\/v2\/users\/4"}],"replies":[{"embeddable":true,"href":"https:\/\/gerardoduque.com.mx\/index.php?rest_route=%2Fwp%2Fv2%2Fcomments&post=44965"}],"version-history":[{"count":1,"href":"https:\/\/gerardoduque.com.mx\/index.php?rest_route=\/wp\/v2\/posts\/44965\/revisions"}],"predecessor-version":[{"id":44967,"href":"https:\/\/gerardoduque.com.mx\/index.php?rest_route=\/wp\/v2\/posts\/44965\/revisions\/44967"}],"wp:featuredmedia":[{"embeddable":true,"href":"https:\/\/gerardoduque.com.mx\/index.php?rest_route=\/wp\/v2\/media\/44966"}],"wp:attachment":[{"href":"https:\/\/gerardoduque.com.mx\/index.php?rest_route=%2Fwp%2Fv2%2Fmedia&parent=44965"}],"wp:term":[{"taxonomy":"category","embeddable":true,"href":"https:\/\/gerardoduque.com.mx\/index.php?rest_route=%2Fwp%2Fv2%2Fcategories&post=44965"},{"taxonomy":"post_tag","embeddable":true,"href":"https:\/\/gerardoduque.com.mx\/index.php?rest_route=%2Fwp%2Fv2%2Ftags&post=44965"}],"curies":[{"name":"wp","href":"https:\/\/api.w.org\/{rel}","templated":true}]}}