{"id":44861,"date":"2026-02-03T13:09:41","date_gmt":"2026-02-03T19:09:41","guid":{"rendered":"https:\/\/gerardoduque.com.mx\/?p=44861"},"modified":"2026-03-07T13:12:41","modified_gmt":"2026-03-07T19:12:41","slug":"san-luis-fortalece-la-agenda-juvenil-en-espacios-nacionales","status":"publish","type":"post","link":"https:\/\/gerardoduque.com.mx\/?p=44861","title":{"rendered":"SAN LUIS FORTALECE LA AGENDA JUVENIL EN ESPACIOS NACIONALES"},"content":{"rendered":"\n<p>La presencia de San Luis Potos\u00ed en el Encuentro de Autoridades J\u00f3venes 2026, realizado en la Ciudad de M\u00e9xico y convocado por el Instituto Mexicano de la Juventud (Imjuve), permiti\u00f3 avanzar en acuerdos orientados a fortalecer la atenci\u00f3n institucional a las y los j\u00f3venes. A trav\u00e9s del Instituto Potosino de la Juventud (Inpojuve), se sumaron esfuerzos para generar esquemas de colaboraci\u00f3n que respondan a las realidades actuales de este sector, en un contexto donde el cambio que se vive y se siente se construye desde el trabajo conjunto.<\/p>\n\n\n\n<p>Durante las mesas de di\u00e1logo se abordaron mecanismos para alinear programas, compartir experiencias y ampliar el alcance de acciones enfocadas en inclusi\u00f3n, bienestar y desarrollo integral. Estas coincidencias refuerzan el rumbo que San Luis Potos\u00ed ha tomado en los \u00faltimos a\u00f1os bajo el liderazgo de Ricardo Gallardo Cardona, con una agenda juvenil que prioriza la coordinaci\u00f3n interinstitucional y la generaci\u00f3n de oportunidades reales.<\/p>\n\n\n\n<p>El titular de la dependencia, Jes\u00fas Adolfo Rubio Vel\u00e1zquez, se\u00f1al\u00f3 que los acuerdos permitir\u00e1n fortalecer iniciativas en marcha y abrir nuevas v\u00edas de colaboraci\u00f3n con el \u00e1mbito federal. Este avance sin l\u00edmites se inscribe en una din\u00e1mica Estatal que ha dado espacio a la participaci\u00f3n activa de las juventudes, ampliando horizontes y consolidando su papel en el desarrollo social.<\/p>\n","protected":false},"excerpt":{"rendered":"<p>San Luis Potos\u00ed particip\u00f3 en el Encuentro de Autoridades J\u00f3venes 2026 en la Ciudad de M\u00e9xico, convocado por el Instituto Mexicano de la Juventud (Imjuve), para avanzar en acuerdos que fortalezcan la atenci\u00f3n a las y los j\u00f3venes. A trav\u00e9s del Instituto Potosino de la Juventud (Inpojuve), se promovieron esquemas de colaboraci\u00f3n, inclusi\u00f3n y desarrollo integral bajo el liderazgo del gobernador Ricardo Gallardo Cardona, con la coordinaci\u00f3n de Jes\u00fas Adolfo Rubio Vel\u00e1zquez, ampliando oportunidades y consolidando la participaci\u00f3n juvenil en el desarrollo social del estado.<\/p>\n","protected":false},"author":4,"featured_media":44862,"comment_status":"closed","ping_status":"closed","sticky":false,"template":"","format":"standard","meta":{"_et_pb_use_builder":"off","_et_pb_old_content":"","_et_gb_content_width":"","footnotes":""},"categories":[62,280],"tags":[],"class_list":["post-44861","post","type-post","status-publish","format-standard","has-post-thumbnail","hentry","category-redaccion","category-gob-slp"],"_links":{"self":[{"href":"https:\/\/gerardoduque.com.mx\/index.php?rest_route=\/wp\/v2\/posts\/44861","targetHints":{"allow":["GET"]}}],"collection":[{"href":"https:\/\/gerardoduque.com.mx\/index.php?rest_route=\/wp\/v2\/posts"}],"about":[{"href":"https:\/\/gerardoduque.com.mx\/index.php?rest_route=\/wp\/v2\/types\/post"}],"author":[{"embeddable":true,"href":"https:\/\/gerardoduque.com.mx\/index.php?rest_route=\/wp\/v2\/users\/4"}],"replies":[{"embeddable":true,"href":"https:\/\/gerardoduque.com.mx\/index.php?rest_route=%2Fwp%2Fv2%2Fcomments&post=44861"}],"version-history":[{"count":0,"href":"https:\/\/gerardoduque.com.mx\/index.php?rest_route=\/wp\/v2\/posts\/44861\/revisions"}],"wp:featuredmedia":[{"embeddable":true,"href":"https:\/\/gerardoduque.com.mx\/index.php?rest_route=\/wp\/v2\/media\/44862"}],"wp:attachment":[{"href":"https:\/\/gerardoduque.com.mx\/index.php?rest_route=%2Fwp%2Fv2%2Fmedia&parent=44861"}],"wp:term":[{"taxonomy":"category","embeddable":true,"href":"https:\/\/gerardoduque.com.mx\/index.php?rest_route=%2Fwp%2Fv2%2Fcategories&post=44861"},{"taxonomy":"post_tag","embeddable":true,"href":"https:\/\/gerardoduque.com.mx\/index.php?rest_route=%2Fwp%2Fv2%2Ftags&post=44861"}],"curies":[{"name":"wp","href":"https:\/\/api.w.org\/{rel}","templated":true}]}}