{"id":44834,"date":"2026-02-09T12:28:20","date_gmt":"2026-02-09T18:28:20","guid":{"rendered":"https:\/\/gerardoduque.com.mx\/?p=44834"},"modified":"2026-03-07T12:31:19","modified_gmt":"2026-03-07T18:31:19","slug":"instituto-tecnologico-superior-refuerza-formacion-docente-con-capacitacion","status":"publish","type":"post","link":"https:\/\/gerardoduque.com.mx\/?p=44834","title":{"rendered":"INSTITUTO TECNOL\u00d3GICO SUPERIOR REFUERZA FORMACI\u00d3N DOCENTE CON CAPACITACI\u00d3N"},"content":{"rendered":"\n<p>Como parte de las actividades previas al ciclo escolar 2026, y con el impulso del Gobernador Ricardo Gallardo Cardona, el Instituto Tecnol\u00f3gico Superior de San Luis Potos\u00ed (ITSSLP) desarroll\u00f3 una jornada de capacitaci\u00f3n y actualizaci\u00f3n en colaboraci\u00f3n con docentes de la Universidad Pedag\u00f3gica Nacional (UPN) Plantel 241. Este trabajo conjunto sent\u00f3 las bases para un nuevo convenio entre ambas instituciones, enfocado en compartir herramientas pedag\u00f3gicas y fortalecer la preparaci\u00f3n del personal acad\u00e9mico.<\/p>\n\n\n\n<p>El acuerdo permitir\u00e1 que estudiantes de la Universidad realicen residencias y pr\u00e1cticas profesionales en el Instituto, mientras la instituci\u00f3n incorpora metodolog\u00edas de ense\u00f1anza y evaluaci\u00f3n que favorecen la mejora sin l\u00edmites de sus programas. Estas acciones acompa\u00f1an el cambio que se vive y se siente en la consolidaci\u00f3n de una educaci\u00f3n orientada a la innovaci\u00f3n y al desarrollo de la comunidad estudiantil.<\/p>\n","protected":false},"excerpt":{"rendered":"<p>Con el impulso del gobernador Ricardo Gallardo Cardona, el Instituto Tecnol\u00f3gico Superior de San Luis Potos\u00ed (ITSSLP) llev\u00f3 a cabo una jornada de capacitaci\u00f3n junto con docentes de la Universidad Pedag\u00f3gica Nacional, Plantel 241 (UPN), sentando las bases para un nuevo convenio que permitir\u00e1 residencias y pr\u00e1cticas profesionales para estudiantes y la incorporaci\u00f3n de metodolog\u00edas innovadoras, fortaleciendo la preparaci\u00f3n acad\u00e9mica y la educaci\u00f3n en el estado.<\/p>\n","protected":false},"author":4,"featured_media":44835,"comment_status":"closed","ping_status":"closed","sticky":false,"template":"","format":"standard","meta":{"_et_pb_use_builder":"off","_et_pb_old_content":"","_et_gb_content_width":"","footnotes":""},"categories":[62,280],"tags":[],"class_list":["post-44834","post","type-post","status-publish","format-standard","has-post-thumbnail","hentry","category-redaccion","category-gob-slp"],"_links":{"self":[{"href":"https:\/\/gerardoduque.com.mx\/index.php?rest_route=\/wp\/v2\/posts\/44834","targetHints":{"allow":["GET"]}}],"collection":[{"href":"https:\/\/gerardoduque.com.mx\/index.php?rest_route=\/wp\/v2\/posts"}],"about":[{"href":"https:\/\/gerardoduque.com.mx\/index.php?rest_route=\/wp\/v2\/types\/post"}],"author":[{"embeddable":true,"href":"https:\/\/gerardoduque.com.mx\/index.php?rest_route=\/wp\/v2\/users\/4"}],"replies":[{"embeddable":true,"href":"https:\/\/gerardoduque.com.mx\/index.php?rest_route=%2Fwp%2Fv2%2Fcomments&post=44834"}],"version-history":[{"count":0,"href":"https:\/\/gerardoduque.com.mx\/index.php?rest_route=\/wp\/v2\/posts\/44834\/revisions"}],"wp:featuredmedia":[{"embeddable":true,"href":"https:\/\/gerardoduque.com.mx\/index.php?rest_route=\/wp\/v2\/media\/44835"}],"wp:attachment":[{"href":"https:\/\/gerardoduque.com.mx\/index.php?rest_route=%2Fwp%2Fv2%2Fmedia&parent=44834"}],"wp:term":[{"taxonomy":"category","embeddable":true,"href":"https:\/\/gerardoduque.com.mx\/index.php?rest_route=%2Fwp%2Fv2%2Fcategories&post=44834"},{"taxonomy":"post_tag","embeddable":true,"href":"https:\/\/gerardoduque.com.mx\/index.php?rest_route=%2Fwp%2Fv2%2Ftags&post=44834"}],"curies":[{"name":"wp","href":"https:\/\/api.w.org\/{rel}","templated":true}]}}