{"id":44702,"date":"2026-02-18T18:21:46","date_gmt":"2026-02-19T00:21:46","guid":{"rendered":"https:\/\/gerardoduque.com.mx\/?p=44702"},"modified":"2026-03-06T18:26:36","modified_gmt":"2026-03-07T00:26:36","slug":"gobierno-estatal-impulsa-empleo-formal-en-villa-de-reyes","status":"publish","type":"post","link":"https:\/\/gerardoduque.com.mx\/?p=44702","title":{"rendered":"GOBIERNO ESTATAL IMPULSA EMPLEO FORMAL EN VILLA DE REYES"},"content":{"rendered":"\n<p>Como parte de las acciones del Gobernador Ricardo Gallardo Cardona para el fortalecimiento de la vinculaci\u00f3n laboral, la Secretar\u00eda del Trabajo y Previsi\u00f3n Social (STPS), a trav\u00e9s del Servicio Nacional de Empleo (SNE), llev\u00f3 a cabo un reclutamiento semanal en Villa de Reyes para acercar vacantes formales a la poblaci\u00f3n. Esta jornada refleja el trabajo sin l\u00edmites orientado a ampliar el acceso a empleos dignos en los municipios del interior del Estado.<\/p>\n\n\n\n<p>El encuentro se desarroll\u00f3 en el Jard\u00edn Col\u00f3n de la plaza principal, con la participaci\u00f3n de las empresas OPASA, Deep Clean y Diagn\u00f3stico de Capital Humano, que ofrecieron distintas vacantes a la poblaci\u00f3n. M\u00e1s de 50 personas recibieron atenci\u00f3n directa, orientaci\u00f3n y alternativas de contrataci\u00f3n, en una din\u00e1mica que acerca opciones laborales y acompa\u00f1a el cambio que se vive y se siente al generar oportunidades sin necesidad de traslados a la capital.<\/p>\n\n\n\n<p>Estos ejercicios de reclutamiento se mantendr\u00e1n en las distintas regiones de San Luis Potos\u00ed, con el prop\u00f3sito de dinamizar la econom\u00eda local y facilitar la inserci\u00f3n en el mercado. Las y los interesados pueden consultar pr\u00f3ximas jornadas a trav\u00e9s de los canales oficiales de la dependencia Estatal.<\/p>\n","protected":false},"excerpt":{"rendered":"<p>El gobierno encabezado por Ricardo Gallardo Cardona, a trav\u00e9s de la Secretar\u00eda del Trabajo y Previsi\u00f3n Social y el Servicio Nacional de Empleo, realiz\u00f3 un reclutamiento laboral en Villa de Reyes, donde empresas ofrecieron vacantes y brindaron atenci\u00f3n a m\u00e1s de 50 personas.<\/p>\n","protected":false},"author":4,"featured_media":44703,"comment_status":"closed","ping_status":"closed","sticky":false,"template":"","format":"standard","meta":{"_et_pb_use_builder":"off","_et_pb_old_content":"","_et_gb_content_width":"","footnotes":""},"categories":[62,280],"tags":[],"class_list":["post-44702","post","type-post","status-publish","format-standard","has-post-thumbnail","hentry","category-redaccion","category-gob-slp"],"_links":{"self":[{"href":"https:\/\/gerardoduque.com.mx\/index.php?rest_route=\/wp\/v2\/posts\/44702","targetHints":{"allow":["GET"]}}],"collection":[{"href":"https:\/\/gerardoduque.com.mx\/index.php?rest_route=\/wp\/v2\/posts"}],"about":[{"href":"https:\/\/gerardoduque.com.mx\/index.php?rest_route=\/wp\/v2\/types\/post"}],"author":[{"embeddable":true,"href":"https:\/\/gerardoduque.com.mx\/index.php?rest_route=\/wp\/v2\/users\/4"}],"replies":[{"embeddable":true,"href":"https:\/\/gerardoduque.com.mx\/index.php?rest_route=%2Fwp%2Fv2%2Fcomments&post=44702"}],"version-history":[{"count":0,"href":"https:\/\/gerardoduque.com.mx\/index.php?rest_route=\/wp\/v2\/posts\/44702\/revisions"}],"wp:featuredmedia":[{"embeddable":true,"href":"https:\/\/gerardoduque.com.mx\/index.php?rest_route=\/wp\/v2\/media\/44703"}],"wp:attachment":[{"href":"https:\/\/gerardoduque.com.mx\/index.php?rest_route=%2Fwp%2Fv2%2Fmedia&parent=44702"}],"wp:term":[{"taxonomy":"category","embeddable":true,"href":"https:\/\/gerardoduque.com.mx\/index.php?rest_route=%2Fwp%2Fv2%2Fcategories&post=44702"},{"taxonomy":"post_tag","embeddable":true,"href":"https:\/\/gerardoduque.com.mx\/index.php?rest_route=%2Fwp%2Fv2%2Ftags&post=44702"}],"curies":[{"name":"wp","href":"https:\/\/api.w.org\/{rel}","templated":true}]}}