{"id":44673,"date":"2026-02-17T10:39:00","date_gmt":"2026-02-17T16:39:00","guid":{"rendered":"https:\/\/gerardoduque.com.mx\/?p=44673"},"modified":"2026-03-06T10:44:09","modified_gmt":"2026-03-06T16:44:09","slug":"fortalece-ricardo-gallardo-infraestructura-deportiva-en-la-zona-media-2","status":"publish","type":"post","link":"https:\/\/gerardoduque.com.mx\/?p=44673","title":{"rendered":"FORTALECE RICARDO GALLARDO INFRAESTRUCTURA DEPORTIVA EN LA ZONA MEDIA"},"content":{"rendered":"\n<p>Como parte del trabajo para construir un deporte y una movilidad sin l\u00edmites, el Gobernador del Estado, Ricardo Gallardo Cardona, anunci\u00f3 un nuevo paquete de obras para San Ciro de Acosta para fortalecer la conectividad, el deporte y el turismo de la regi\u00f3n Media con la reconstrucci\u00f3n de la carretera a Palo Alto, una segunda etapa de pavimentaci\u00f3n al Cristo y una nueva unidad deportiva.<\/p>\n\n\n\n<p>En un ambiente de cercan\u00eda con la poblaci\u00f3n, el Gobernador del Estado adelant\u00f3 que se construir\u00e1 en breve una unidad deportiva de gran escala y un parque recreativo, espacios pensados para la convivencia comunitaria y el sano desarrollo de la juventud, demostrando el cambio que se vive y se siente en la entidad.<\/p>\n\n\n\n<p>Gallardo Cardona, explic\u00f3 que estas intervenciones forman parte de un proyecto integral para detonar la regi\u00f3n Media, adem\u00e1s de dar a conocer que en breve se iniciar\u00e1 la operaci\u00f3n de MetroRed en Rioverde y Ciudad Fern\u00e1ndez, un sistema de transporte 100 por ciento gratuito que reducir\u00e1 gastos a las familias y conectar\u00e1 la zona, adem\u00e1s de nuevas carreteras y acciones de infraestructura en Ray\u00f3n y Lagunillas, consolidando un corredor de crecimiento regional.<\/p>\n\n\n\n<p>\u201cNo venimos a prometer, venimos a cumplir; San Ciro, Rioverde y toda la regi\u00f3n Media tendr\u00e1 m\u00e1s obras y mejores espacios\u201d, finaliz\u00f3.<\/p>\n","protected":false},"excerpt":{"rendered":"<p>El gobernador de San Luis Potos\u00ed, Ricardo Gallardo Cardona, anunci\u00f3 nuevas obras para San Ciro de Acosta que incluyen la reconstrucci\u00f3n de la carretera a Palo Alto, pavimentaci\u00f3n hacia el Cristo y la construcci\u00f3n de una nueva unidad deportiva.<\/p>\n<p>Adem\u00e1s, adelant\u00f3 que se impulsar\u00e1n proyectos de conectividad y transporte como la llegada de MetroRed a Rioverde y Ciudad Fern\u00e1ndez, con el objetivo de fortalecer el desarrollo y la movilidad en la regi\u00f3n Media. \ud83d\udea7\ud83c\udfdf\ufe0f\ud83d\ude8c<\/p>\n","protected":false},"author":4,"featured_media":44674,"comment_status":"closed","ping_status":"closed","sticky":false,"template":"","format":"standard","meta":{"_et_pb_use_builder":"off","_et_pb_old_content":"","_et_gb_content_width":"","footnotes":""},"categories":[62,280],"tags":[],"class_list":["post-44673","post","type-post","status-publish","format-standard","has-post-thumbnail","hentry","category-redaccion","category-gob-slp"],"_links":{"self":[{"href":"https:\/\/gerardoduque.com.mx\/index.php?rest_route=\/wp\/v2\/posts\/44673","targetHints":{"allow":["GET"]}}],"collection":[{"href":"https:\/\/gerardoduque.com.mx\/index.php?rest_route=\/wp\/v2\/posts"}],"about":[{"href":"https:\/\/gerardoduque.com.mx\/index.php?rest_route=\/wp\/v2\/types\/post"}],"author":[{"embeddable":true,"href":"https:\/\/gerardoduque.com.mx\/index.php?rest_route=\/wp\/v2\/users\/4"}],"replies":[{"embeddable":true,"href":"https:\/\/gerardoduque.com.mx\/index.php?rest_route=%2Fwp%2Fv2%2Fcomments&post=44673"}],"version-history":[{"count":0,"href":"https:\/\/gerardoduque.com.mx\/index.php?rest_route=\/wp\/v2\/posts\/44673\/revisions"}],"wp:featuredmedia":[{"embeddable":true,"href":"https:\/\/gerardoduque.com.mx\/index.php?rest_route=\/wp\/v2\/media\/44674"}],"wp:attachment":[{"href":"https:\/\/gerardoduque.com.mx\/index.php?rest_route=%2Fwp%2Fv2%2Fmedia&parent=44673"}],"wp:term":[{"taxonomy":"category","embeddable":true,"href":"https:\/\/gerardoduque.com.mx\/index.php?rest_route=%2Fwp%2Fv2%2Fcategories&post=44673"},{"taxonomy":"post_tag","embeddable":true,"href":"https:\/\/gerardoduque.com.mx\/index.php?rest_route=%2Fwp%2Fv2%2Ftags&post=44673"}],"curies":[{"name":"wp","href":"https:\/\/api.w.org\/{rel}","templated":true}]}}