{"id":44667,"date":"2026-02-16T10:27:14","date_gmt":"2026-02-16T16:27:14","guid":{"rendered":"https:\/\/gerardoduque.com.mx\/?p=44667"},"modified":"2026-03-06T10:30:02","modified_gmt":"2026-03-06T16:30:02","slug":"festival-de-rondallas-llena-de-musica-a-san-luis","status":"publish","type":"post","link":"https:\/\/gerardoduque.com.mx\/?p=44667","title":{"rendered":"FESTIVAL DE RONDALLAS LLENA DE M\u00daSICA A SAN LUIS"},"content":{"rendered":"\n<p>Gracias a las condiciones de paz y tranquilidad generadas por el Gobierno del Estado que motivan a las familias a salir a disfrutar, se llev\u00f3 a cabo el Segundo Festival de Rondallas, desarrollado por la Secretar\u00eda de Cultura (Secult) y organizado por el Museo Nacional de la M\u00e1scara, como parte de las acciones del Gobernador Ricardo Gallardo Cardona para acercar la m\u00fasica y el arte. La jornada cultural se desarroll\u00f3 sin l\u00edmites y reuni\u00f3 a agrupaciones que celebraron la riqueza musical de la entidad.<\/p>\n\n\n\n<p>El encuentro forma parte de una agenda que da espacio a expresiones art\u00edsticas tradicionales y contempor\u00e1neas, fortaleciendo la identidad cultural de San Luis Potos\u00ed. En esta segunda edici\u00f3n participaron 12 rondallas locales, adem\u00e1s de agrupaciones invitadas de Guanajuato y Zacatecas, con un repertorio que integr\u00f3 m\u00fasica rom\u00e1ntica y piezas representativas del g\u00e9nero.<\/p>\n\n\n\n<p>La asistencia del p\u00fablico gener\u00f3 un ambiente de entusiasmo y reconocimiento al talento de las agrupaciones participantes. Esta respuesta reafirma el cambio que se vive y se siente en la actividad cultural del Estado, al consolidar espacios que promueven la convivencia y la preservaci\u00f3n de las tradiciones musicales.<\/p>\n","protected":false},"excerpt":{"rendered":"<p>La Secretar\u00eda de Cultura realiz\u00f3 el Segundo Festival de Rondallas en el Museo Nacional de la M\u00e1scara, con la participaci\u00f3n de 12 agrupaciones locales y rondallas invitadas de Guanajuato y Zacatecas.<\/p>\n<p>El evento reuni\u00f3 a familias y m\u00fasicos para celebrar la tradici\u00f3n de este g\u00e9nero, fortaleciendo la actividad cultural en San Luis Potos\u00ed.<\/p>\n","protected":false},"author":4,"featured_media":44668,"comment_status":"closed","ping_status":"closed","sticky":false,"template":"","format":"standard","meta":{"_et_pb_use_builder":"off","_et_pb_old_content":"","_et_gb_content_width":"","footnotes":""},"categories":[62,280],"tags":[],"class_list":["post-44667","post","type-post","status-publish","format-standard","has-post-thumbnail","hentry","category-redaccion","category-gob-slp"],"_links":{"self":[{"href":"https:\/\/gerardoduque.com.mx\/index.php?rest_route=\/wp\/v2\/posts\/44667","targetHints":{"allow":["GET"]}}],"collection":[{"href":"https:\/\/gerardoduque.com.mx\/index.php?rest_route=\/wp\/v2\/posts"}],"about":[{"href":"https:\/\/gerardoduque.com.mx\/index.php?rest_route=\/wp\/v2\/types\/post"}],"author":[{"embeddable":true,"href":"https:\/\/gerardoduque.com.mx\/index.php?rest_route=\/wp\/v2\/users\/4"}],"replies":[{"embeddable":true,"href":"https:\/\/gerardoduque.com.mx\/index.php?rest_route=%2Fwp%2Fv2%2Fcomments&post=44667"}],"version-history":[{"count":0,"href":"https:\/\/gerardoduque.com.mx\/index.php?rest_route=\/wp\/v2\/posts\/44667\/revisions"}],"wp:featuredmedia":[{"embeddable":true,"href":"https:\/\/gerardoduque.com.mx\/index.php?rest_route=\/wp\/v2\/media\/44668"}],"wp:attachment":[{"href":"https:\/\/gerardoduque.com.mx\/index.php?rest_route=%2Fwp%2Fv2%2Fmedia&parent=44667"}],"wp:term":[{"taxonomy":"category","embeddable":true,"href":"https:\/\/gerardoduque.com.mx\/index.php?rest_route=%2Fwp%2Fv2%2Fcategories&post=44667"},{"taxonomy":"post_tag","embeddable":true,"href":"https:\/\/gerardoduque.com.mx\/index.php?rest_route=%2Fwp%2Fv2%2Ftags&post=44667"}],"curies":[{"name":"wp","href":"https:\/\/api.w.org\/{rel}","templated":true}]}}