{"id":44661,"date":"2026-02-16T10:18:55","date_gmt":"2026-02-16T16:18:55","guid":{"rendered":"https:\/\/gerardoduque.com.mx\/?p=44661"},"modified":"2026-03-06T10:21:49","modified_gmt":"2026-03-06T16:21:49","slug":"gobierno-del-estado-fortalece-la-identidad-nacional-entre-las-nuevas-generaciones","status":"publish","type":"post","link":"https:\/\/gerardoduque.com.mx\/?p=44661","title":{"rendered":"GOBIERNO DEL ESTADO FORTALECE LA IDENTIDAD NACIONAL ENTRE LAS NUEVAS GENERACIONES"},"content":{"rendered":"\n<p>Bajo el compromiso del Gobernador Ricardo Gallardo Cardona, de promover el respeto, identidad y orgullo por los S\u00edmbolos Patrios, la Secretar\u00eda de Educaci\u00f3n del Gobierno del Estado (SEGE) llev\u00f3 a cabo los concursos estatales en diversas disciplinas art\u00edsticas y culturales dirigidos a estudiantes de educaci\u00f3n b\u00e1sica. Las actividades incluyeron oratoria, declamaci\u00f3n, expresi\u00f3n literaria, danza folcl\u00f3rica, canto, m\u00fasica tradicional mexicana e interpretaci\u00f3n del Himno Nacional.<\/p>\n\n\n\n<p>El titular de la dependencia, Juan Carlos Torres Cedillo, encabez\u00f3 la entrega de 15 premios y reconocimientos a estudiantes que obtuvieron los tres primeros lugares en primaria y secundaria en la modalidad de expresi\u00f3n literaria. Destac\u00f3 la importancia de fortalecer los valores c\u00edvicos desde las aulas y reafirm\u00f3 que estas acciones reflejan el cambio que se vive y se siente en San Luis Potos\u00ed, consolidando la identidad nacional y el respeto por M\u00e9xico.<\/p>\n\n\n\n<p>Asimismo, se reconoci\u00f3 la participaci\u00f3n de alumnas y alumnos provenientes de Xilitla, San Vicente Tancuayalab, Santa Mar\u00eda del R\u00edo, Vanegas, Ciudad Valles, Matehuala, Soledad de Graciano S\u00e1nchez, Mexquitic de Carmona y de la zona metropolitana, quienes con su talento y dedicaci\u00f3n refuerzan los valores que nos unen como sociedad.<\/p>\n","protected":false},"excerpt":{"rendered":"<p>La Secretar\u00eda de Educaci\u00f3n del Gobierno del Estado realiz\u00f3 concursos estatales de disciplinas art\u00edsticas y culturales para estudiantes de educaci\u00f3n b\u00e1sica, con el objetivo de fomentar el respeto y orgullo por los s\u00edmbolos patrios.<\/p>\n<p>El titular de la dependencia, Juan Carlos Torres Cedillo, entreg\u00f3 reconocimientos a alumnas y alumnos destacados, reafirmando la importancia de fortalecer los valores c\u00edvicos en San Luis Potos\u00ed.<\/p>\n","protected":false},"author":4,"featured_media":44662,"comment_status":"closed","ping_status":"closed","sticky":false,"template":"","format":"standard","meta":{"_et_pb_use_builder":"off","_et_pb_old_content":"","_et_gb_content_width":"","footnotes":""},"categories":[62,280],"tags":[],"class_list":["post-44661","post","type-post","status-publish","format-standard","has-post-thumbnail","hentry","category-redaccion","category-gob-slp"],"_links":{"self":[{"href":"https:\/\/gerardoduque.com.mx\/index.php?rest_route=\/wp\/v2\/posts\/44661","targetHints":{"allow":["GET"]}}],"collection":[{"href":"https:\/\/gerardoduque.com.mx\/index.php?rest_route=\/wp\/v2\/posts"}],"about":[{"href":"https:\/\/gerardoduque.com.mx\/index.php?rest_route=\/wp\/v2\/types\/post"}],"author":[{"embeddable":true,"href":"https:\/\/gerardoduque.com.mx\/index.php?rest_route=\/wp\/v2\/users\/4"}],"replies":[{"embeddable":true,"href":"https:\/\/gerardoduque.com.mx\/index.php?rest_route=%2Fwp%2Fv2%2Fcomments&post=44661"}],"version-history":[{"count":0,"href":"https:\/\/gerardoduque.com.mx\/index.php?rest_route=\/wp\/v2\/posts\/44661\/revisions"}],"wp:featuredmedia":[{"embeddable":true,"href":"https:\/\/gerardoduque.com.mx\/index.php?rest_route=\/wp\/v2\/media\/44662"}],"wp:attachment":[{"href":"https:\/\/gerardoduque.com.mx\/index.php?rest_route=%2Fwp%2Fv2%2Fmedia&parent=44661"}],"wp:term":[{"taxonomy":"category","embeddable":true,"href":"https:\/\/gerardoduque.com.mx\/index.php?rest_route=%2Fwp%2Fv2%2Fcategories&post=44661"},{"taxonomy":"post_tag","embeddable":true,"href":"https:\/\/gerardoduque.com.mx\/index.php?rest_route=%2Fwp%2Fv2%2Ftags&post=44661"}],"curies":[{"name":"wp","href":"https:\/\/api.w.org\/{rel}","templated":true}]}}