{"id":44654,"date":"2026-02-16T10:08:12","date_gmt":"2026-02-16T16:08:12","guid":{"rendered":"https:\/\/gerardoduque.com.mx\/?p=44654"},"modified":"2026-03-06T10:11:04","modified_gmt":"2026-03-06T16:11:04","slug":"seduvop-respalda-planeacion-en-proyecto-splash","status":"publish","type":"post","link":"https:\/\/gerardoduque.com.mx\/?p=44654","title":{"rendered":"SEDUVOP RESPALDA PLANEACI\u00d3N EN PROYECTO SPLASH"},"content":{"rendered":"\n<p>Tras la reuni\u00f3n convocada este domingo en torno al centro acu\u00e1tico Splash, ubicado en el parque Tangamanga I, la Secretar\u00eda de Desarrollo Urbano, Vivienda y Obras P\u00fablicas (Seduvop) inform\u00f3 que la dependencia cuenta con una agenda propia y una planeaci\u00f3n institucional definida, por lo que cada acci\u00f3n se rige bajo los tiempos y procesos que marca la normatividad vigente.<\/p>\n\n\n\n<p>La titular de la dependencia, Isabel Leticia Vargas Tinajero, precis\u00f3 que el \u00e1rea jur\u00eddica brindar\u00e1 el sustento legal correspondiente, para actuar con responsabilidad institucional, privilegiando la certeza jur\u00eddica y la transparencia en cada etapa de la obra.<\/p>\n\n\n\n<p>Celebr\u00f3 que la Secretar\u00eda de Ecolog\u00eda y Gesti\u00f3n Ambiental (Segam) y la direcci\u00f3n de los Centros de Cultura y Recreaci\u00f3n Tangamanga desmintieran versiones difundidas por un grupo ciudadano que, a trav\u00e9s de una organizaci\u00f3n civil, busca frenar el desarrollo del Estado y acciones para mejorar la calidad de vida, y agreg\u00f3 que, como en el recorrido previo con medios, se continuar\u00e1 informando oportunamente y se mantendr\u00e1 atenta a cualquier situaci\u00f3n relacionada con este espacio p\u00fablico.<\/p>\n","protected":false},"excerpt":{"rendered":"<p>La Secretar\u00eda de Desarrollo Urbano, Vivienda y Obras P\u00fablicas inform\u00f3 que el proyecto en el centro acu\u00e1tico Splash, ubicado en Parque Tangamanga I, se desarrolla conforme a una planeaci\u00f3n institucional y a los procesos que marca la normatividad vigente.<\/p>\n<p>La titular Isabel Leticia Vargas Tinajero se\u00f1al\u00f3 que el \u00e1rea jur\u00eddica dar\u00e1 sustento legal a las acciones, mientras que dependencias como la Secretar\u00eda de Ecolog\u00eda y Gesti\u00f3n Ambiental han aclarado versiones difundidas por un grupo ciudadano sobre el proyecto.<\/p>\n","protected":false},"author":4,"featured_media":44655,"comment_status":"closed","ping_status":"closed","sticky":false,"template":"","format":"standard","meta":{"_et_pb_use_builder":"off","_et_pb_old_content":"","_et_gb_content_width":"","footnotes":""},"categories":[62,280],"tags":[],"class_list":["post-44654","post","type-post","status-publish","format-standard","has-post-thumbnail","hentry","category-redaccion","category-gob-slp"],"_links":{"self":[{"href":"https:\/\/gerardoduque.com.mx\/index.php?rest_route=\/wp\/v2\/posts\/44654","targetHints":{"allow":["GET"]}}],"collection":[{"href":"https:\/\/gerardoduque.com.mx\/index.php?rest_route=\/wp\/v2\/posts"}],"about":[{"href":"https:\/\/gerardoduque.com.mx\/index.php?rest_route=\/wp\/v2\/types\/post"}],"author":[{"embeddable":true,"href":"https:\/\/gerardoduque.com.mx\/index.php?rest_route=\/wp\/v2\/users\/4"}],"replies":[{"embeddable":true,"href":"https:\/\/gerardoduque.com.mx\/index.php?rest_route=%2Fwp%2Fv2%2Fcomments&post=44654"}],"version-history":[{"count":0,"href":"https:\/\/gerardoduque.com.mx\/index.php?rest_route=\/wp\/v2\/posts\/44654\/revisions"}],"wp:featuredmedia":[{"embeddable":true,"href":"https:\/\/gerardoduque.com.mx\/index.php?rest_route=\/wp\/v2\/media\/44655"}],"wp:attachment":[{"href":"https:\/\/gerardoduque.com.mx\/index.php?rest_route=%2Fwp%2Fv2%2Fmedia&parent=44654"}],"wp:term":[{"taxonomy":"category","embeddable":true,"href":"https:\/\/gerardoduque.com.mx\/index.php?rest_route=%2Fwp%2Fv2%2Fcategories&post=44654"},{"taxonomy":"post_tag","embeddable":true,"href":"https:\/\/gerardoduque.com.mx\/index.php?rest_route=%2Fwp%2Fv2%2Ftags&post=44654"}],"curies":[{"name":"wp","href":"https:\/\/api.w.org\/{rel}","templated":true}]}}