{"id":44642,"date":"2026-02-14T01:19:15","date_gmt":"2026-02-14T07:19:15","guid":{"rendered":"https:\/\/gerardoduque.com.mx\/?p=44642"},"modified":"2026-03-06T01:21:32","modified_gmt":"2026-03-06T07:21:32","slug":"san-luis-arranca-un-fin-de-semana-lleno-de-cultura","status":"publish","type":"post","link":"https:\/\/gerardoduque.com.mx\/?p=44642","title":{"rendered":"SAN LUIS ARRANCA UN FIN DE SEMANA LLENO DE CULTURA"},"content":{"rendered":"\n<p>Gracias a las condiciones de paz y tranquilidad generadas por el Gobierno del Estado y como parte de la agenda promovida por el Gobernador Ricardo Gallardo Cardona, el Estado abri\u00f3 este jueves un fin de semana con m\u00faltiples expresiones culturales en recintos p\u00fablicos. La Secretar\u00eda de Cultura (Secult) puso en marcha conciertos y actividades que acercan la cultura y fortalecen la participaci\u00f3n social sin l\u00edmites.<\/p>\n\n\n\n<p>La programaci\u00f3n reuni\u00f3 presentaciones de la Orquesta Sinf\u00f3nica de San Luis Potos\u00ed (OSSLP) en la Cineteca Alameda, de la Banda de M\u00fasica del Estado de San Luis Potos\u00ed en el kiosco de la Plaza de Armas y de la Camerata de San Luis con su concierto de inicio de temporada 2026, adem\u00e1s de exposiciones, actividades literarias y funciones teatrales en distintos espacios.<\/p>\n\n\n\n<p>El titular de la dependencia, Mario Garc\u00eda Valdez, se\u00f1al\u00f3 que esta agenda ampl\u00eda las opciones culturales para las familias y consolida a San Luis Potos\u00ed como un referente art\u00edstico y cultural para la regi\u00f3n. Con ello se acompa\u00f1a el cambio que se vive y se siente al garantizar acceso a experiencias culturales de calidad para todas y todos los potosinos.<\/p>\n","protected":false},"excerpt":{"rendered":"<p>Gracias a las condiciones de paz promovidas por el gobernador Ricardo Gallardo Cardona, la Secretar\u00eda de Cultura (Secult) ofreci\u00f3 un fin de semana con m\u00faltiples actividades culturales en San Luis Potos\u00ed, incluyendo conciertos de la Orquesta Sinf\u00f3nica de San Luis Potos\u00ed (OSSLP), la Banda de M\u00fasica del Estado y la Camerata de San Luis, as\u00ed como exposiciones, literatura y teatro. La agenda busca acercar la cultura a las familias y consolidar al Estado como un referente art\u00edstico regional.<\/p>\n","protected":false},"author":4,"featured_media":44643,"comment_status":"closed","ping_status":"closed","sticky":false,"template":"","format":"standard","meta":{"_et_pb_use_builder":"off","_et_pb_old_content":"","_et_gb_content_width":"","footnotes":""},"categories":[62,280],"tags":[],"class_list":["post-44642","post","type-post","status-publish","format-standard","has-post-thumbnail","hentry","category-redaccion","category-gob-slp"],"_links":{"self":[{"href":"https:\/\/gerardoduque.com.mx\/index.php?rest_route=\/wp\/v2\/posts\/44642","targetHints":{"allow":["GET"]}}],"collection":[{"href":"https:\/\/gerardoduque.com.mx\/index.php?rest_route=\/wp\/v2\/posts"}],"about":[{"href":"https:\/\/gerardoduque.com.mx\/index.php?rest_route=\/wp\/v2\/types\/post"}],"author":[{"embeddable":true,"href":"https:\/\/gerardoduque.com.mx\/index.php?rest_route=\/wp\/v2\/users\/4"}],"replies":[{"embeddable":true,"href":"https:\/\/gerardoduque.com.mx\/index.php?rest_route=%2Fwp%2Fv2%2Fcomments&post=44642"}],"version-history":[{"count":0,"href":"https:\/\/gerardoduque.com.mx\/index.php?rest_route=\/wp\/v2\/posts\/44642\/revisions"}],"wp:featuredmedia":[{"embeddable":true,"href":"https:\/\/gerardoduque.com.mx\/index.php?rest_route=\/wp\/v2\/media\/44643"}],"wp:attachment":[{"href":"https:\/\/gerardoduque.com.mx\/index.php?rest_route=%2Fwp%2Fv2%2Fmedia&parent=44642"}],"wp:term":[{"taxonomy":"category","embeddable":true,"href":"https:\/\/gerardoduque.com.mx\/index.php?rest_route=%2Fwp%2Fv2%2Fcategories&post=44642"},{"taxonomy":"post_tag","embeddable":true,"href":"https:\/\/gerardoduque.com.mx\/index.php?rest_route=%2Fwp%2Fv2%2Ftags&post=44642"}],"curies":[{"name":"wp","href":"https:\/\/api.w.org\/{rel}","templated":true}]}}