{"id":44633,"date":"2026-02-14T01:05:38","date_gmt":"2026-02-14T07:05:38","guid":{"rendered":"https:\/\/gerardoduque.com.mx\/?p=44633"},"modified":"2026-03-06T01:11:09","modified_gmt":"2026-03-06T07:11:09","slug":"ricardo-gallardo-refuerza-proteccion-sanitaria-con-brigadas-de-vacunacion-contra-el-sarampion-2","status":"publish","type":"post","link":"https:\/\/gerardoduque.com.mx\/?p=44633","title":{"rendered":"RICARDO GALLARDO REFUERZA PROTECCI\u00d3N SANITARIA CON BRIGADAS DE VACUNACI\u00d3N CONTRA EL SARAMPI\u00d3N"},"content":{"rendered":"\n<p>En un firme compromiso por salvaguardar la salud p\u00fablica y fortalecer la capacidad de respuesta sanitaria en el Estado, el Gobernador Ricardo Gallardo Cardona anunci\u00f3 que los m\u00f3dulos de vacunaci\u00f3n contra el sarampi\u00f3n ya est\u00e1n funcionando a partir de este d\u00eda y hasta el pr\u00f3ximo domingo 15 de febrero.<\/p>\n\n\n\n<p>Dijo que estos espacios de salud son atendidos por brigadistas del programa Visitando Corazones y se encuentran operando en el Palacio de Gobierno, el Jard\u00edn de Tequis, el Atrio de la Iglesia del Saucito, as\u00ed como en el Teatro y Centro Cultural Doroteo Arango, ubicado en el municipio de Soledad de Graciano S\u00e1nchez.<\/p>\n\n\n\n<p>Luego se se\u00f1alar que estas acciones forman parte de una estrategia integral de protecci\u00f3n, a trav\u00e9s de la cual se han aplicado ya 300 mil vacunas, puntualiz\u00f3 que los m\u00f3dulos brindar\u00e1n servicio gratuito en un horario de 9:00 a 17:00 horas, permitiendo que la poblaci\u00f3n cuente con opciones cercanas y accesibles para completar sus esquemas de vacunaci\u00f3n.<\/p>\n\n\n\n<p>Ricardo Gallardo Cardona detall\u00f3 que la prioridad de su gobierno es brindar una atenci\u00f3n preventiva de calidad, enfoc\u00e1ndose especialmente en los sectores m\u00e1s vulnerables. Por ello, la convocatoria est\u00e1 dirigida a ni\u00f1as y ni\u00f1os de 12 y 18 meses de edad, as\u00ed como a menores de uno a 10 a\u00f1os que tengan esquemas incompletos.<\/p>\n\n\n\n<p>Asimismo, el mandatario hizo un llamado especial a las personas de entre 10 y 49 a\u00f1os que desconozcan su estatus vacunal para que aprovechen este esfuerzo institucional y se protejan contra esta enfermedad.<\/p>\n","protected":false},"excerpt":{"rendered":"<p>El gobernador Ricardo Gallardo Cardona anunci\u00f3 que los m\u00f3dulos de vacunaci\u00f3n contra el sarampi\u00f3n operan desde hoy hasta el domingo 15 de febrero en el Palacio de Gobierno, Jard\u00edn de Tequis, Atrio de la Iglesia del Saucito y el Teatro y Centro Cultural Doroteo Arango en Soledad de Graciano S\u00e1nchez. Atendidos por brigadistas del programa Visitando Corazones, los m\u00f3dulos ofrecen vacunas gratuitas de 9:00 a 17:00 horas. La campa\u00f1a prioriza a ni\u00f1as y ni\u00f1os de 12 a 18 meses, menores de 1 a 10 a\u00f1os con esquemas incompletos y personas de 10 a 49 a\u00f1os que desconozcan su estatus vacunal, sumando ya 300 mil dosis aplicadas.<\/p>\n","protected":false},"author":4,"featured_media":44634,"comment_status":"closed","ping_status":"closed","sticky":false,"template":"","format":"standard","meta":{"_et_pb_use_builder":"off","_et_pb_old_content":"","_et_gb_content_width":"","footnotes":""},"categories":[62,280],"tags":[],"class_list":["post-44633","post","type-post","status-publish","format-standard","has-post-thumbnail","hentry","category-redaccion","category-gob-slp"],"_links":{"self":[{"href":"https:\/\/gerardoduque.com.mx\/index.php?rest_route=\/wp\/v2\/posts\/44633","targetHints":{"allow":["GET"]}}],"collection":[{"href":"https:\/\/gerardoduque.com.mx\/index.php?rest_route=\/wp\/v2\/posts"}],"about":[{"href":"https:\/\/gerardoduque.com.mx\/index.php?rest_route=\/wp\/v2\/types\/post"}],"author":[{"embeddable":true,"href":"https:\/\/gerardoduque.com.mx\/index.php?rest_route=\/wp\/v2\/users\/4"}],"replies":[{"embeddable":true,"href":"https:\/\/gerardoduque.com.mx\/index.php?rest_route=%2Fwp%2Fv2%2Fcomments&post=44633"}],"version-history":[{"count":0,"href":"https:\/\/gerardoduque.com.mx\/index.php?rest_route=\/wp\/v2\/posts\/44633\/revisions"}],"wp:featuredmedia":[{"embeddable":true,"href":"https:\/\/gerardoduque.com.mx\/index.php?rest_route=\/wp\/v2\/media\/44634"}],"wp:attachment":[{"href":"https:\/\/gerardoduque.com.mx\/index.php?rest_route=%2Fwp%2Fv2%2Fmedia&parent=44633"}],"wp:term":[{"taxonomy":"category","embeddable":true,"href":"https:\/\/gerardoduque.com.mx\/index.php?rest_route=%2Fwp%2Fv2%2Fcategories&post=44633"},{"taxonomy":"post_tag","embeddable":true,"href":"https:\/\/gerardoduque.com.mx\/index.php?rest_route=%2Fwp%2Fv2%2Ftags&post=44633"}],"curies":[{"name":"wp","href":"https:\/\/api.w.org\/{rel}","templated":true}]}}