{"id":44609,"date":"2026-02-10T00:32:04","date_gmt":"2026-02-10T06:32:04","guid":{"rendered":"https:\/\/gerardoduque.com.mx\/?p=44609"},"modified":"2026-03-06T00:35:28","modified_gmt":"2026-03-06T06:35:28","slug":"san-luis-fortalece-prevencion-ante-incendios-forestales-2","status":"publish","type":"post","link":"https:\/\/gerardoduque.com.mx\/?p=44609","title":{"rendered":"SAN LUIS FORTALECE PREVENCI\u00d3N ANTE INCENDIOS FORESTALES"},"content":{"rendered":"\n<p>Gracias a las pol\u00edticas impulsadas por el Gobernador Ricardo Gallardo Cardona para fortalecer la prevenci\u00f3n y la rehabilitaci\u00f3n integral, el Comit\u00e9 Estatal de Salud Bucal de los Servicios de Salud certific\u00f3 como Establecimientos Promotores de la Salud Bucal al Centro de Atenci\u00f3n para las Adicciones y el Alcoholismo AC SORAIS, a la Asociaci\u00f3n Reto a la Esperanza y al Instituto Temazcalli.<\/p>\n\n\n\n<p>Estas certificaciones se otorgaron tras la realizaci\u00f3n de acciones preventivas y curativas en poblaci\u00f3n en tratamiento residencial desarrolladas de junio a diciembre de 2025, que consolidaron entornos de atenci\u00f3n integral y ampliaron el apoyo a personas en situaci\u00f3n de vulnerabilidad.<\/p>\n\n\n\n<p>Durante el evento se subray\u00f3 que la mejora de la salud bucal forma parte de una atenci\u00f3n p\u00fablica que hoy prioriza a los sectores que m\u00e1s lo necesitan, al tiempo de reconocer la participaci\u00f3n de universidades y del personal especializado que intervino en el proyecto, cuyo alcance refleja el cambio que se vive y se siente en la manera de atender la salud comunitaria.<\/p>\n","protected":false},"excerpt":{"rendered":"<p>El Comit\u00e9 Estatal de Salud Bucal certific\u00f3 como Establecimientos Promotores de la Salud Bucal al Centro SORAIS, la Asociaci\u00f3n Reto a la Esperanza y el Instituto Temazcalli, tras acciones preventivas y curativas en personas en tratamiento residencial entre junio y diciembre de 2025. La certificaci\u00f3n reconoce la atenci\u00f3n integral y el apoyo a sectores vulnerables, destacando la participaci\u00f3n de universidades y personal especializado.<\/p>\n","protected":false},"author":4,"featured_media":44610,"comment_status":"closed","ping_status":"closed","sticky":false,"template":"","format":"standard","meta":{"_et_pb_use_builder":"off","_et_pb_old_content":"","_et_gb_content_width":"","footnotes":""},"categories":[62,280],"tags":[],"class_list":["post-44609","post","type-post","status-publish","format-standard","has-post-thumbnail","hentry","category-redaccion","category-gob-slp"],"_links":{"self":[{"href":"https:\/\/gerardoduque.com.mx\/index.php?rest_route=\/wp\/v2\/posts\/44609","targetHints":{"allow":["GET"]}}],"collection":[{"href":"https:\/\/gerardoduque.com.mx\/index.php?rest_route=\/wp\/v2\/posts"}],"about":[{"href":"https:\/\/gerardoduque.com.mx\/index.php?rest_route=\/wp\/v2\/types\/post"}],"author":[{"embeddable":true,"href":"https:\/\/gerardoduque.com.mx\/index.php?rest_route=\/wp\/v2\/users\/4"}],"replies":[{"embeddable":true,"href":"https:\/\/gerardoduque.com.mx\/index.php?rest_route=%2Fwp%2Fv2%2Fcomments&post=44609"}],"version-history":[{"count":0,"href":"https:\/\/gerardoduque.com.mx\/index.php?rest_route=\/wp\/v2\/posts\/44609\/revisions"}],"wp:featuredmedia":[{"embeddable":true,"href":"https:\/\/gerardoduque.com.mx\/index.php?rest_route=\/wp\/v2\/media\/44610"}],"wp:attachment":[{"href":"https:\/\/gerardoduque.com.mx\/index.php?rest_route=%2Fwp%2Fv2%2Fmedia&parent=44609"}],"wp:term":[{"taxonomy":"category","embeddable":true,"href":"https:\/\/gerardoduque.com.mx\/index.php?rest_route=%2Fwp%2Fv2%2Fcategories&post=44609"},{"taxonomy":"post_tag","embeddable":true,"href":"https:\/\/gerardoduque.com.mx\/index.php?rest_route=%2Fwp%2Fv2%2Ftags&post=44609"}],"curies":[{"name":"wp","href":"https:\/\/api.w.org\/{rel}","templated":true}]}}