{"id":44606,"date":"2026-02-11T00:27:20","date_gmt":"2026-02-11T06:27:20","guid":{"rendered":"https:\/\/gerardoduque.com.mx\/?p=44606"},"modified":"2026-03-06T00:31:35","modified_gmt":"2026-03-06T06:31:35","slug":"san-luis-fortalece-prevencion-ante-incendios-forestales","status":"publish","type":"post","link":"https:\/\/gerardoduque.com.mx\/?p=44606","title":{"rendered":"SAN LUIS FORTALECE PREVENCI\u00d3N ANTE INCENDIOS FORESTALES"},"content":{"rendered":"\n<p>En cumplimiento a la instrucci\u00f3n del Gobernador Ricardo Gallardo Cardona de prevenir riesgos y salvaguardar la integridad de las familias, la Coordinaci\u00f3n Estatal de Protecci\u00f3n Civil (CEPC) participa del 9 al 11 de febrero en la Reuni\u00f3n Nacional de Protecci\u00f3n Civil para la Temporada de Incendios Forestales 2026, que se realiza en Baja California, donde personal operativo y directivo intercambia experiencias y fortalece sus capacidades para la prevenci\u00f3n y atenci\u00f3n de incendios forestales.<\/p>\n\n\n\n<p>Durante las jornadas se actualizan m\u00e9todos de control, se incorporan nuevas tecnolog\u00edas de monitoreo y se refuerzan protocolos de seguridad para brigadistas, adem\u00e1s de establecer mecanismos de colaboraci\u00f3n nacional para el intercambio de recursos a\u00e9reos y terrestres, lo que fortalece la capacidad de respuesta de San Luis Potos\u00ed y refleja el cambio que se vive y se siente en la atenci\u00f3n a emergencias.<\/p>\n","protected":false},"excerpt":{"rendered":"<p>Personal de la Coordinaci\u00f3n Estatal de Protecci\u00f3n Civil participa del 9 al 11 de febrero en la Reuni\u00f3n Nacional de Protecci\u00f3n Civil para la Temporada de Incendios Forestales 2026, realizada en Baja California, donde se fortalecen estrategias de prevenci\u00f3n y atenci\u00f3n de incendios. Durante el encuentro se actualizan m\u00e9todos de control, se integran nuevas tecnolog\u00edas de monitoreo y se refuerzan protocolos de seguridad y coordinaci\u00f3n entre estados.<\/p>\n","protected":false},"author":4,"featured_media":44607,"comment_status":"closed","ping_status":"closed","sticky":false,"template":"","format":"standard","meta":{"_et_pb_use_builder":"off","_et_pb_old_content":"","_et_gb_content_width":"","footnotes":""},"categories":[62,280],"tags":[],"class_list":["post-44606","post","type-post","status-publish","format-standard","has-post-thumbnail","hentry","category-redaccion","category-gob-slp"],"_links":{"self":[{"href":"https:\/\/gerardoduque.com.mx\/index.php?rest_route=\/wp\/v2\/posts\/44606","targetHints":{"allow":["GET"]}}],"collection":[{"href":"https:\/\/gerardoduque.com.mx\/index.php?rest_route=\/wp\/v2\/posts"}],"about":[{"href":"https:\/\/gerardoduque.com.mx\/index.php?rest_route=\/wp\/v2\/types\/post"}],"author":[{"embeddable":true,"href":"https:\/\/gerardoduque.com.mx\/index.php?rest_route=\/wp\/v2\/users\/4"}],"replies":[{"embeddable":true,"href":"https:\/\/gerardoduque.com.mx\/index.php?rest_route=%2Fwp%2Fv2%2Fcomments&post=44606"}],"version-history":[{"count":0,"href":"https:\/\/gerardoduque.com.mx\/index.php?rest_route=\/wp\/v2\/posts\/44606\/revisions"}],"wp:featuredmedia":[{"embeddable":true,"href":"https:\/\/gerardoduque.com.mx\/index.php?rest_route=\/wp\/v2\/media\/44607"}],"wp:attachment":[{"href":"https:\/\/gerardoduque.com.mx\/index.php?rest_route=%2Fwp%2Fv2%2Fmedia&parent=44606"}],"wp:term":[{"taxonomy":"category","embeddable":true,"href":"https:\/\/gerardoduque.com.mx\/index.php?rest_route=%2Fwp%2Fv2%2Fcategories&post=44606"},{"taxonomy":"post_tag","embeddable":true,"href":"https:\/\/gerardoduque.com.mx\/index.php?rest_route=%2Fwp%2Fv2%2Ftags&post=44606"}],"curies":[{"name":"wp","href":"https:\/\/api.w.org\/{rel}","templated":true}]}}