{"id":44603,"date":"2026-02-10T00:21:04","date_gmt":"2026-02-10T06:21:04","guid":{"rendered":"https:\/\/gerardoduque.com.mx\/?p=44603"},"modified":"2026-03-06T00:26:32","modified_gmt":"2026-03-06T06:26:32","slug":"san-luis-celebrara-la-diversidad-de-sus-lenguas-originarias","status":"publish","type":"post","link":"https:\/\/gerardoduque.com.mx\/?p=44603","title":{"rendered":"SAN LUIS CELEBRAR\u00c1 LA DIVERSIDAD DE SUS LENGUAS ORIGINARIAS"},"content":{"rendered":"\n<p>El Instituto de Desarrollo Humano y Social de los Pueblos y Comunidades Ind\u00edgenas (Indepi) realizar\u00e1 el 20 de febrero, a partir de las 10:00 horas en La Palma, Tamasopo, el evento conmemorativo por el D\u00eda Internacional de la Lengua Materna. En cumplimiento con lo instruido por el Gobernador Ricardo Gallardo Cardona, la actividad, organizada de forma interinstitucional, reconoce la riqueza cultural de las comunidades originarias y acompa\u00f1a el cambio que se vive y se siente al ampliar el respeto y la valoraci\u00f3n de sus expresiones ling\u00fc\u00edsticas.<\/p>\n\n\n\n<p>El programa incluye danzas tradicionales, presentaciones literarias, exhibici\u00f3n de materiales did\u00e1cticos en lenguas maternas y la premiaci\u00f3n de la convocatoria \u201cMi historia sin l\u00edmites\u201d, enfocada en rescatar la tradici\u00f3n oral comunitaria. Tambi\u00e9n se impartir\u00e1 una conferencia sobre la preservaci\u00f3n de los derechos ling\u00fc\u00edsticos y su importancia en procedimientos jurisdiccionales, a cargo del Poder Judicial del Estado.<\/p>\n\n\n\n<p>Las actividades se dirigen especialmente a infancias y juventudes originarias para que ejerzan sin l\u00edmites sus derechos ling\u00fc\u00edsticos y accedan a una educaci\u00f3n biling\u00fce e intercultural que consolide su identidad.<\/p>\n","protected":false},"excerpt":{"rendered":"<p>El Instituto de Desarrollo Humano y Social de los Pueblos y Comunidades Ind\u00edgenas realizar\u00e1 el 20 de febrero en La Palma, Tamasopo, un evento conmemorativo por el D\u00eda Internacional de la Lengua Materna, con actividades culturales y educativas. El programa incluir\u00e1 danzas tradicionales, presentaciones literarias, exhibici\u00f3n de materiales en lenguas originarias, la premiaci\u00f3n de la convocatoria \u201cMi historia sin l\u00edmites\u201d y una conferencia sobre derechos ling\u00fc\u00edsticos.<\/p>\n","protected":false},"author":4,"featured_media":44604,"comment_status":"closed","ping_status":"closed","sticky":false,"template":"","format":"standard","meta":{"_et_pb_use_builder":"off","_et_pb_old_content":"","_et_gb_content_width":"","footnotes":""},"categories":[62,280],"tags":[],"class_list":["post-44603","post","type-post","status-publish","format-standard","has-post-thumbnail","hentry","category-redaccion","category-gob-slp"],"_links":{"self":[{"href":"https:\/\/gerardoduque.com.mx\/index.php?rest_route=\/wp\/v2\/posts\/44603","targetHints":{"allow":["GET"]}}],"collection":[{"href":"https:\/\/gerardoduque.com.mx\/index.php?rest_route=\/wp\/v2\/posts"}],"about":[{"href":"https:\/\/gerardoduque.com.mx\/index.php?rest_route=\/wp\/v2\/types\/post"}],"author":[{"embeddable":true,"href":"https:\/\/gerardoduque.com.mx\/index.php?rest_route=\/wp\/v2\/users\/4"}],"replies":[{"embeddable":true,"href":"https:\/\/gerardoduque.com.mx\/index.php?rest_route=%2Fwp%2Fv2%2Fcomments&post=44603"}],"version-history":[{"count":0,"href":"https:\/\/gerardoduque.com.mx\/index.php?rest_route=\/wp\/v2\/posts\/44603\/revisions"}],"wp:featuredmedia":[{"embeddable":true,"href":"https:\/\/gerardoduque.com.mx\/index.php?rest_route=\/wp\/v2\/media\/44604"}],"wp:attachment":[{"href":"https:\/\/gerardoduque.com.mx\/index.php?rest_route=%2Fwp%2Fv2%2Fmedia&parent=44603"}],"wp:term":[{"taxonomy":"category","embeddable":true,"href":"https:\/\/gerardoduque.com.mx\/index.php?rest_route=%2Fwp%2Fv2%2Fcategories&post=44603"},{"taxonomy":"post_tag","embeddable":true,"href":"https:\/\/gerardoduque.com.mx\/index.php?rest_route=%2Fwp%2Fv2%2Ftags&post=44603"}],"curies":[{"name":"wp","href":"https:\/\/api.w.org\/{rel}","templated":true}]}}