{"id":44590,"date":"2026-02-10T00:04:46","date_gmt":"2026-02-10T06:04:46","guid":{"rendered":"https:\/\/gerardoduque.com.mx\/?p=44590"},"modified":"2026-03-06T00:05:44","modified_gmt":"2026-03-06T06:05:44","slug":"jornada-laboral-abre-nuevas-oportunidades-para-las-potosinas","status":"publish","type":"post","link":"https:\/\/gerardoduque.com.mx\/?p=44590","title":{"rendered":"JORNADA LABORAL ABRE NUEVAS OPORTUNIDADES PARA LAS POTOSINAS"},"content":{"rendered":"\n<p>La Segunda Jornada de Reclutamiento Laboral, organizada por la Secretar\u00eda de las Mujeres e Igualdad Sustantiva (Semujeres), en coordinaci\u00f3n con la Secretar\u00eda del Trabajo y Previsi\u00f3n Social (STPS) y el Servicio Nacional del Empleo (SNE), se realizar\u00e1 ma\u00f1ana martes 10 de febrero, de 9:00 a 13:00 horas, en Jard\u00edn Col\u00f3n 23, San Miguelito. La actividad forma parte del impulso sin l\u00edmites del Gobernador Ricardo Gallardo Cardona para acercar vacantes y capacitaci\u00f3n a la ciudadan\u00eda.<\/p>\n\n\n\n<p>Durante el evento se impartir\u00e1 un taller enfocado en la b\u00fasqueda efectiva de empleo, donde recibir\u00e1n orientaci\u00f3n para elaborar su curr\u00edculum vitae, organizar su documentaci\u00f3n y mejorar su desempe\u00f1o en entrevistas laborales. Estas acciones fortalecen el desarrollo de las familias potosinas mediante iniciativas que consolidan el cambio que se vive y se siente en la vida diaria.<\/p>\n\n\n\n<p>Para mayores informes, la dependencia mantiene atenci\u00f3n telef\u00f3nica en el 444 144 29 20, extensiones 222 y 223, adem\u00e1s del correo igualdad.semujeresslp@gmail.com y sus redes sociales.<\/p>\n","protected":false},"excerpt":{"rendered":"<p>La Secretar\u00eda de las Mujeres e Igualdad Sustantiva realizar\u00e1 la Segunda Jornada de Reclutamiento Laboral el 10 de febrero, de 9:00 a 13:00 horas, en Jard\u00edn Col\u00f3n 23, en San Miguelito, en coordinaci\u00f3n con la Secretar\u00eda del Trabajo y el Servicio Nacional del Empleo. Durante la actividad se ofrecer\u00e1n vacantes y un taller para mejorar la b\u00fasqueda de empleo, con orientaci\u00f3n para elaborar curr\u00edculum, organizar documentos y prepararse para entrevistas laborales.<\/p>\n","protected":false},"author":4,"featured_media":44591,"comment_status":"closed","ping_status":"closed","sticky":false,"template":"","format":"standard","meta":{"_et_pb_use_builder":"off","_et_pb_old_content":"","_et_gb_content_width":"","footnotes":""},"categories":[62,280],"tags":[],"class_list":["post-44590","post","type-post","status-publish","format-standard","has-post-thumbnail","hentry","category-redaccion","category-gob-slp"],"_links":{"self":[{"href":"https:\/\/gerardoduque.com.mx\/index.php?rest_route=\/wp\/v2\/posts\/44590","targetHints":{"allow":["GET"]}}],"collection":[{"href":"https:\/\/gerardoduque.com.mx\/index.php?rest_route=\/wp\/v2\/posts"}],"about":[{"href":"https:\/\/gerardoduque.com.mx\/index.php?rest_route=\/wp\/v2\/types\/post"}],"author":[{"embeddable":true,"href":"https:\/\/gerardoduque.com.mx\/index.php?rest_route=\/wp\/v2\/users\/4"}],"replies":[{"embeddable":true,"href":"https:\/\/gerardoduque.com.mx\/index.php?rest_route=%2Fwp%2Fv2%2Fcomments&post=44590"}],"version-history":[{"count":0,"href":"https:\/\/gerardoduque.com.mx\/index.php?rest_route=\/wp\/v2\/posts\/44590\/revisions"}],"wp:featuredmedia":[{"embeddable":true,"href":"https:\/\/gerardoduque.com.mx\/index.php?rest_route=\/wp\/v2\/media\/44591"}],"wp:attachment":[{"href":"https:\/\/gerardoduque.com.mx\/index.php?rest_route=%2Fwp%2Fv2%2Fmedia&parent=44590"}],"wp:term":[{"taxonomy":"category","embeddable":true,"href":"https:\/\/gerardoduque.com.mx\/index.php?rest_route=%2Fwp%2Fv2%2Fcategories&post=44590"},{"taxonomy":"post_tag","embeddable":true,"href":"https:\/\/gerardoduque.com.mx\/index.php?rest_route=%2Fwp%2Fv2%2Ftags&post=44590"}],"curies":[{"name":"wp","href":"https:\/\/api.w.org\/{rel}","templated":true}]}}