{"id":44569,"date":"2026-02-13T19:02:23","date_gmt":"2026-02-14T01:02:23","guid":{"rendered":"https:\/\/gerardoduque.com.mx\/?p=44569"},"modified":"2026-03-05T19:07:05","modified_gmt":"2026-03-06T01:07:05","slug":"alianza-industrial-impulsa-crecimiento-del-estado","status":"publish","type":"post","link":"https:\/\/gerardoduque.com.mx\/?p=44569","title":{"rendered":"ALIANZA INDUSTRIAL IMPULSA CRECIMIENTO DEL ESTADO"},"content":{"rendered":"\n<p>Con la representaci\u00f3n del Gobernador Ricardo Gallardo Cardona, el secretario General de Gobierno, J. Guadalupe Torres S\u00e1nchez, encabez\u00f3 la toma de protesta de la Mesa Directiva 2026-2027 de la C\u00e1mara Nacional de la Industria de la Transformaci\u00f3n (Canacintra), presidida por segundo a\u00f1o por Imelda Elizalde Mart\u00ednez, con la presencia de la dirigente nacional del organismo, Mar\u00eda de Lourdes Medina Ortega. En el encuentro se reafirm\u00f3 que la gobernabilidad, la estabilidad y la certeza jur\u00eddica sostienen un entorno de desarrollo sin l\u00edmites para la actividad productiva.<\/p>\n\n\n\n<p>Durante el acto se destac\u00f3 a la C\u00e1mara como un actor clave para impulsar innovaci\u00f3n, talento e inversi\u00f3n en una etapa marcada por la llegada de capital nacional y extranjero, y la expansi\u00f3n de los sectores automotriz, manufacturero y log\u00edstico. La dirigencia local del organismo simboliza un liderazgo s\u00f3lido y comprometido con el progreso Estatal, en un escenario que confirma el cambio que se vive y se siente en la din\u00e1mica econ\u00f3mica.<\/p>\n\n\n\n<p>El Gobierno Estatal reiter\u00f3 su disposici\u00f3n de fortalecer la colaboraci\u00f3n con el sector privado para construir acuerdos que ampl\u00eden oportunidades y consoliden un crecimiento equilibrado. Esta cooperaci\u00f3n permanente afianza condiciones para una sociedad m\u00e1s justa, equitativa y con mayores oportunidades.<\/p>\n","protected":false},"excerpt":{"rendered":"<p>El secretario General de Gobierno, J. Guadalupe Torres S\u00e1nchez, representando al Gobernador Ricardo Gallardo Cardona, encabez\u00f3 la toma de protesta de la Mesa Directiva 2026-2027 de Canacintra San Luis Potos\u00ed, destacando la colaboraci\u00f3n con el sector privado para impulsar innovaci\u00f3n, inversi\u00f3n y crecimiento econ\u00f3mico en el Estado.<\/p>\n","protected":false},"author":4,"featured_media":44570,"comment_status":"closed","ping_status":"closed","sticky":false,"template":"","format":"standard","meta":{"_et_pb_use_builder":"off","_et_pb_old_content":"","_et_gb_content_width":"","footnotes":""},"categories":[62,280],"tags":[],"class_list":["post-44569","post","type-post","status-publish","format-standard","has-post-thumbnail","hentry","category-redaccion","category-gob-slp"],"_links":{"self":[{"href":"https:\/\/gerardoduque.com.mx\/index.php?rest_route=\/wp\/v2\/posts\/44569","targetHints":{"allow":["GET"]}}],"collection":[{"href":"https:\/\/gerardoduque.com.mx\/index.php?rest_route=\/wp\/v2\/posts"}],"about":[{"href":"https:\/\/gerardoduque.com.mx\/index.php?rest_route=\/wp\/v2\/types\/post"}],"author":[{"embeddable":true,"href":"https:\/\/gerardoduque.com.mx\/index.php?rest_route=\/wp\/v2\/users\/4"}],"replies":[{"embeddable":true,"href":"https:\/\/gerardoduque.com.mx\/index.php?rest_route=%2Fwp%2Fv2%2Fcomments&post=44569"}],"version-history":[{"count":0,"href":"https:\/\/gerardoduque.com.mx\/index.php?rest_route=\/wp\/v2\/posts\/44569\/revisions"}],"wp:featuredmedia":[{"embeddable":true,"href":"https:\/\/gerardoduque.com.mx\/index.php?rest_route=\/wp\/v2\/media\/44570"}],"wp:attachment":[{"href":"https:\/\/gerardoduque.com.mx\/index.php?rest_route=%2Fwp%2Fv2%2Fmedia&parent=44569"}],"wp:term":[{"taxonomy":"category","embeddable":true,"href":"https:\/\/gerardoduque.com.mx\/index.php?rest_route=%2Fwp%2Fv2%2Fcategories&post=44569"},{"taxonomy":"post_tag","embeddable":true,"href":"https:\/\/gerardoduque.com.mx\/index.php?rest_route=%2Fwp%2Fv2%2Ftags&post=44569"}],"curies":[{"name":"wp","href":"https:\/\/api.w.org\/{rel}","templated":true}]}}