{"id":44460,"date":"2026-02-06T10:37:10","date_gmt":"2026-02-06T16:37:10","guid":{"rendered":"https:\/\/gerardoduque.com.mx\/?p=44460"},"modified":"2026-03-05T10:41:46","modified_gmt":"2026-03-05T16:41:46","slug":"estado-convoca-a-reconocer-trayectorias-docentes","status":"publish","type":"post","link":"https:\/\/gerardoduque.com.mx\/?p=44460","title":{"rendered":"ESTADO CONVOCA A RECONOCER TRAYECTORIAS DOCENTES"},"content":{"rendered":"\n<p>La emisi\u00f3n de esta convocatoria se inscribe en una din\u00e1mica institucional que ha fortalecido el reconocimiento al magisterio durante la actual administraci\u00f3n, donde el respaldo a las y los docentes ha sido una constante para el Gobernador Ricardo Gallardo Cardona. Bajo esta l\u00f3gica, el proceso se desarrollar\u00e1 con apego a la normatividad vigente, privilegiando la transparencia y la equidad.<\/p>\n\n\n\n<p>La consulta de bases, requisitos y etapas se encuentra disponible en https:\/\/sege.slp.gob.mx\/educacion-basica\/premios-estatales-y-municipales-de-educacion-2026\/ lo que permite a las y los interesados contar con informaci\u00f3n clara y oportuna. Este esquema de difusi\u00f3n y participaci\u00f3n se suma a acciones que han permitido consolidar el cambio que se vive y se siente en el sistema educativo Estatal, donde el reconocimiento al trabajo docente se traduce en mejores condiciones para las comunidades escolares.<\/p>\n\n\n\n<p>La emisi\u00f3n de esta convocatoria se inscribe en una din\u00e1mica institucional que ha fortalecido el reconocimiento al magisterio durante la actual administraci\u00f3n, donde el respaldo a las y los docentes ha sido una constante para el Gobernador Ricardo Gallardo Cardona. Bajo esta l\u00f3gica, el proceso se desarrollar\u00e1 con apego a la normatividad vigente, privilegiando la transparencia y la equidad.<\/p>\n\n\n\n<p>La consulta de bases, requisitos y etapas se encuentra disponible en https:\/\/sege.slp.gob.mx\/educacion-basica\/premios-estatales-y-municipales-de-educacion-2026\/ lo que permite a las y los interesados contar con informaci\u00f3n clara y oportuna. Este esquema de difusi\u00f3n y participaci\u00f3n se suma a acciones que han permitido consolidar el cambio que se vive y se siente en el sistema educativo Estatal, donde el reconocimiento al trabajo docente se traduce en mejores condiciones para las comunidades escolares.<\/p>\n\n\n\n<p>La emisi\u00f3n de esta convocatoria se inscribe en una din\u00e1mica institucional que ha fortalecido el reconocimiento al magisterio durante la actual administraci\u00f3n, donde el respaldo a las y los docentes ha sido una constante para el Gobernador Ricardo Gallardo Cardona. Bajo esta l\u00f3gica, el proceso se desarrollar\u00e1 con apego a la normatividad vigente, privilegiando la transparencia y la equidad.<\/p>\n\n\n\n<p>La consulta de bases, requisitos y etapas se encuentra disponible en https:\/\/sege.slp.gob.mx\/educacion-basica\/premios-estatales-y-municipales-de-educacion-2026\/ lo que permite a las y los interesados contar con informaci\u00f3n clara y oportuna. Este esquema de difusi\u00f3n y participaci\u00f3n se suma a acciones que han permitido consolidar el cambio que se vive y se siente en el sistema educativo Estatal, donde el reconocimiento al trabajo docente se traduce en mejores condiciones para las comunidades escolares.<\/p>\n\n\n\n<p>La Secretar\u00eda de Educaci\u00f3n del Gobierno del Estado (SEGE) convoca a participar en la edici\u00f3n 2026 de los Premios Estatales y Municipales de Educaci\u00f3n B\u00e1sica, dirigidos al personal docente de educaci\u00f3n b\u00e1sica y educaci\u00f3n normal. Este ejercicio busca dar visibilidad a trayectorias, aportaciones y compromisos que han incidido de manera directa en la formaci\u00f3n de ni\u00f1as, ni\u00f1os y adolescentes, mediante un procedimiento ordenado y accesible.<\/p>\n\n\n\n<p>La emisi\u00f3n de esta convocatoria se inscribe en una din\u00e1mica institucional que ha fortalecido el reconocimiento al magisterio durante la actual administraci\u00f3n, donde el respaldo a las y los docentes ha sido una constante para el Gobernador Ricardo Gallardo Cardona. Bajo esta l\u00f3gica, el proceso se desarrollar\u00e1 con apego a la normatividad vigente, privilegiando la transparencia y la equidad.<\/p>\n\n\n\n<p>La consulta de bases, requisitos y etapas se encuentra disponible en https:\/\/sege.slp.gob.mx\/educacion-basica\/premios-estatales-y-municipales-de-educacion-2026\/ lo que permite a las y los interesados contar con informaci\u00f3n clara y oportuna. Este esquema de difusi\u00f3n y participaci\u00f3n se suma a acciones que han permitido consolidar el cambio que se vive y se siente en el sistema educativo Estatal, donde el reconocimiento al trabajo docente se traduce en mejores condiciones para las comunidades escolares.<\/p>\n","protected":false},"excerpt":{"rendered":"<p>La Secretar\u00eda de Educaci\u00f3n del Gobierno del Estado (SEGE) lanz\u00f3 la convocatoria 2026 de los Premios Estatales y Municipales de Educaci\u00f3n B\u00e1sica, dirigida a docentes, para reconocer su trayectoria y aportaciones en la formaci\u00f3n de estudiantes, con respaldo del gobernador Ricardo Gallardo Cardona.<\/p>\n","protected":false},"author":4,"featured_media":44461,"comment_status":"closed","ping_status":"closed","sticky":false,"template":"","format":"standard","meta":{"_et_pb_use_builder":"off","_et_pb_old_content":"","_et_gb_content_width":"","footnotes":""},"categories":[62,280],"tags":[],"class_list":["post-44460","post","type-post","status-publish","format-standard","has-post-thumbnail","hentry","category-redaccion","category-gob-slp"],"_links":{"self":[{"href":"https:\/\/gerardoduque.com.mx\/index.php?rest_route=\/wp\/v2\/posts\/44460","targetHints":{"allow":["GET"]}}],"collection":[{"href":"https:\/\/gerardoduque.com.mx\/index.php?rest_route=\/wp\/v2\/posts"}],"about":[{"href":"https:\/\/gerardoduque.com.mx\/index.php?rest_route=\/wp\/v2\/types\/post"}],"author":[{"embeddable":true,"href":"https:\/\/gerardoduque.com.mx\/index.php?rest_route=\/wp\/v2\/users\/4"}],"replies":[{"embeddable":true,"href":"https:\/\/gerardoduque.com.mx\/index.php?rest_route=%2Fwp%2Fv2%2Fcomments&post=44460"}],"version-history":[{"count":0,"href":"https:\/\/gerardoduque.com.mx\/index.php?rest_route=\/wp\/v2\/posts\/44460\/revisions"}],"wp:featuredmedia":[{"embeddable":true,"href":"https:\/\/gerardoduque.com.mx\/index.php?rest_route=\/wp\/v2\/media\/44461"}],"wp:attachment":[{"href":"https:\/\/gerardoduque.com.mx\/index.php?rest_route=%2Fwp%2Fv2%2Fmedia&parent=44460"}],"wp:term":[{"taxonomy":"category","embeddable":true,"href":"https:\/\/gerardoduque.com.mx\/index.php?rest_route=%2Fwp%2Fv2%2Fcategories&post=44460"},{"taxonomy":"post_tag","embeddable":true,"href":"https:\/\/gerardoduque.com.mx\/index.php?rest_route=%2Fwp%2Fv2%2Ftags&post=44460"}],"curies":[{"name":"wp","href":"https:\/\/api.w.org\/{rel}","templated":true}]}}