{"id":44457,"date":"2026-02-06T10:33:14","date_gmt":"2026-02-06T16:33:14","guid":{"rendered":"https:\/\/gerardoduque.com.mx\/?p=44457"},"modified":"2026-03-05T10:36:28","modified_gmt":"2026-03-05T16:36:28","slug":"en-coordinacion-institucional-se-crea-la-fiscalia-especializada-para-la-investigacion-y-persecucion-de-delitos-de-desaparicion-forzada-de-personas-y-desaparicion-de-personas-cometidas-por-particulares","status":"publish","type":"post","link":"https:\/\/gerardoduque.com.mx\/?p=44457","title":{"rendered":"EN COORDINACI\u00d3N INSTITUCIONAL SE CREA LA FISCAL\u00cdA ESPECIALIZADA PARA LA INVESTIGACI\u00d3N Y PERSECUCI\u00d3N DE DELITOS DE DESAPARICI\u00d3N FORZADA DE PERSONAS Y DESAPARICI\u00d3N DE PERSONAS COMETIDAS POR PARTICULARES"},"content":{"rendered":"\n<p>Con el compromiso del Gobierno del Estado y la disposici\u00f3n del Gobernador Ricardo Gallardo Cardona, el Poder Ejecutivo asume el compromiso para que San Luis Potos\u00ed cuente con una Fiscal\u00eda Especializada para la investigaci\u00f3n y persecuci\u00f3n de delitos de desaparici\u00f3n forzada de personas y desaparici\u00f3n de personas cometidas por particulares que garantice el derecho constitucional de todas y todos a ser buscados, \u00f3rgano que se sumar\u00e1 a las acciones efectivas que implement\u00f3 el Estado en la materia, a trav\u00e9s de las inversiones y equipamiento en personal y tecnolog\u00eda que se ha dado en los \u00faltimos a\u00f1os.<\/p>\n\n\n\n<p>As\u00ed se dio a conocer luego de la reuni\u00f3n que sostuvieron el secretario General de Gobierno, J. Guadalupe Torres S\u00e1nchez; el presidente de la Junta de Coordinaci\u00f3n Pol\u00edtica del Congreso del Estado, H\u00e9ctor Serrano Cort\u00e9s y la fiscal General del Estado, Manuela Garc\u00eda C\u00e1zares, donde se defini\u00f3 y anuncia la creaci\u00f3n de esta Fiscal\u00eda que ser\u00e1 la instancia responsable de atender, investigar y perseguir los casos de desaparici\u00f3n o no localizaci\u00f3n de personas.<\/p>\n\n\n\n<p>Asimismo, Torres S\u00e1nchez coment\u00f3 que desde el Estado, y de forma personal, se mantiene un acercamiento directo y permanente con colectivos y familiares afectadas por estos delitos con una total apertura al di\u00e1logo y la indicaci\u00f3n del Mandatario potosino de atender sus inquietudes, lo cual se refleja en estas acciones de coordinaci\u00f3n interinstitucional en beneficio de quienes buscan a sus seres queridos \u201cel Estado est\u00e1 m\u00e1s presente que nunca, y por eso es esta reuni\u00f3n en donde definimos los aspectos relacionados con la Fiscal\u00eda especializada porque somos un gobierno que act\u00faa, y que establece rutas de soluci\u00f3n que garantizan la creaci\u00f3n de este nuevo \u00f3rgano\u201d.<\/p>\n","protected":false},"excerpt":{"rendered":"<p>El Gobierno de San Luis Potos\u00ed, encabezado por Ricardo Gallardo Cardona, anunci\u00f3 la creaci\u00f3n de una Fiscal\u00eda Especializada en desaparici\u00f3n de personas, tras una reuni\u00f3n entre autoridades estatales y del Congreso para fortalecer la investigaci\u00f3n y atenci\u00f3n a estos casos.<\/p>\n","protected":false},"author":4,"featured_media":44458,"comment_status":"closed","ping_status":"closed","sticky":false,"template":"","format":"standard","meta":{"_et_pb_use_builder":"off","_et_pb_old_content":"","_et_gb_content_width":"","footnotes":""},"categories":[62,280],"tags":[],"class_list":["post-44457","post","type-post","status-publish","format-standard","has-post-thumbnail","hentry","category-redaccion","category-gob-slp"],"_links":{"self":[{"href":"https:\/\/gerardoduque.com.mx\/index.php?rest_route=\/wp\/v2\/posts\/44457","targetHints":{"allow":["GET"]}}],"collection":[{"href":"https:\/\/gerardoduque.com.mx\/index.php?rest_route=\/wp\/v2\/posts"}],"about":[{"href":"https:\/\/gerardoduque.com.mx\/index.php?rest_route=\/wp\/v2\/types\/post"}],"author":[{"embeddable":true,"href":"https:\/\/gerardoduque.com.mx\/index.php?rest_route=\/wp\/v2\/users\/4"}],"replies":[{"embeddable":true,"href":"https:\/\/gerardoduque.com.mx\/index.php?rest_route=%2Fwp%2Fv2%2Fcomments&post=44457"}],"version-history":[{"count":0,"href":"https:\/\/gerardoduque.com.mx\/index.php?rest_route=\/wp\/v2\/posts\/44457\/revisions"}],"wp:featuredmedia":[{"embeddable":true,"href":"https:\/\/gerardoduque.com.mx\/index.php?rest_route=\/wp\/v2\/media\/44458"}],"wp:attachment":[{"href":"https:\/\/gerardoduque.com.mx\/index.php?rest_route=%2Fwp%2Fv2%2Fmedia&parent=44457"}],"wp:term":[{"taxonomy":"category","embeddable":true,"href":"https:\/\/gerardoduque.com.mx\/index.php?rest_route=%2Fwp%2Fv2%2Fcategories&post=44457"},{"taxonomy":"post_tag","embeddable":true,"href":"https:\/\/gerardoduque.com.mx\/index.php?rest_route=%2Fwp%2Fv2%2Ftags&post=44457"}],"curies":[{"name":"wp","href":"https:\/\/api.w.org\/{rel}","templated":true}]}}