{"id":44454,"date":"2026-02-06T10:29:00","date_gmt":"2026-02-06T16:29:00","guid":{"rendered":"https:\/\/gerardoduque.com.mx\/?p=44454"},"modified":"2026-03-05T10:32:26","modified_gmt":"2026-03-05T16:32:26","slug":"oportunidades-laborales-sin-limites-llegan-a-villa-de-pozos","status":"publish","type":"post","link":"https:\/\/gerardoduque.com.mx\/?p=44454","title":{"rendered":"OPORTUNIDADES LABORALES SIN L\u00cdMITES LLEGAN A VILLA DE POZOS"},"content":{"rendered":"\n<p>El Gobierno del Estado de San Luis Potos\u00ed encabezado por Ricardo Gallardo Cardona contin\u00faa impulsando acciones concretas a favor del empleo formal y digno, con la feria de empleo \u201cEmpl\u00e9ate sin l\u00edmites, Villa de Pozos 2026\u201d, organizada por la Secretar\u00eda del Trabajo y Previsi\u00f3n Social (STPS), en coordinaci\u00f3n con el municipio de Villa de Pozos. Este esfuerzo refleja el compromiso de generar oportunidades de trabajo sin l\u00edmites, para el bienestar social y desarrollo econ\u00f3mico para las familias.<\/p>\n\n\n\n<p>En t\u00e9rminos de impacto, la feria de empleo registr\u00f3 la participaci\u00f3n de 27 empresas, las cuales ofrecieron m\u00e1s de 500 vacantes formales con prestaciones de ley, dirigidas tanto a profesionistas como a personal operativo. Aproximadamente 400 personas buscadoras de empleo acudieron al evento, logrando un acercamiento directo con empleadores de sectores como industria, comercio, log\u00edstica, servicios y manufactura. Estas cifras demuestran el cambio que se vive en San Luis Potos\u00ed, donde las pol\u00edticas de empleo se traducen en resultados medibles que fortalecen el mercado laboral y reducen el desempleo.<\/p>\n\n\n\n<p>Asimismo, la feria integr\u00f3 m\u00f3dulos de apoyo de diversas dependencias e instituciones como la Organizaci\u00f3n Internacional para las Migraciones, el Alto Comisionado de las Naciones Unidas para los Refugiados, el Servicio de Administraci\u00f3n Tributaria, el Sistema de Financiamiento para el Desarrollo del Estado y el Instituto de Capacitaci\u00f3n para el Trabajo del Estado de San Luis Potos\u00ed, entre otros.<\/p>\n","protected":false},"excerpt":{"rendered":"<p>El Gobierno estatal, encabezado por Ricardo Gallardo Cardona, realiz\u00f3 la feria \u201cEmpl\u00e9ate sin l\u00edmites, Villa de Pozos 2026\u201d con 27 empresas y m\u00e1s de 500 vacantes, a la que acudieron cerca de 400 personas en busca de empleo, con apoyo de diversas instituciones.<\/p>\n","protected":false},"author":4,"featured_media":44455,"comment_status":"closed","ping_status":"closed","sticky":false,"template":"","format":"standard","meta":{"_et_pb_use_builder":"off","_et_pb_old_content":"","_et_gb_content_width":"","footnotes":""},"categories":[62,280],"tags":[],"class_list":["post-44454","post","type-post","status-publish","format-standard","has-post-thumbnail","hentry","category-redaccion","category-gob-slp"],"_links":{"self":[{"href":"https:\/\/gerardoduque.com.mx\/index.php?rest_route=\/wp\/v2\/posts\/44454","targetHints":{"allow":["GET"]}}],"collection":[{"href":"https:\/\/gerardoduque.com.mx\/index.php?rest_route=\/wp\/v2\/posts"}],"about":[{"href":"https:\/\/gerardoduque.com.mx\/index.php?rest_route=\/wp\/v2\/types\/post"}],"author":[{"embeddable":true,"href":"https:\/\/gerardoduque.com.mx\/index.php?rest_route=\/wp\/v2\/users\/4"}],"replies":[{"embeddable":true,"href":"https:\/\/gerardoduque.com.mx\/index.php?rest_route=%2Fwp%2Fv2%2Fcomments&post=44454"}],"version-history":[{"count":0,"href":"https:\/\/gerardoduque.com.mx\/index.php?rest_route=\/wp\/v2\/posts\/44454\/revisions"}],"wp:featuredmedia":[{"embeddable":true,"href":"https:\/\/gerardoduque.com.mx\/index.php?rest_route=\/wp\/v2\/media\/44455"}],"wp:attachment":[{"href":"https:\/\/gerardoduque.com.mx\/index.php?rest_route=%2Fwp%2Fv2%2Fmedia&parent=44454"}],"wp:term":[{"taxonomy":"category","embeddable":true,"href":"https:\/\/gerardoduque.com.mx\/index.php?rest_route=%2Fwp%2Fv2%2Fcategories&post=44454"},{"taxonomy":"post_tag","embeddable":true,"href":"https:\/\/gerardoduque.com.mx\/index.php?rest_route=%2Fwp%2Fv2%2Ftags&post=44454"}],"curies":[{"name":"wp","href":"https:\/\/api.w.org\/{rel}","templated":true}]}}