{"id":44448,"date":"2026-02-06T10:14:00","date_gmt":"2026-02-06T16:14:00","guid":{"rendered":"https:\/\/gerardoduque.com.mx\/?p=44448"},"modified":"2026-03-05T10:19:12","modified_gmt":"2026-03-05T16:19:12","slug":"salud-y-prevencion-llegan-a-comunidades-originarias","status":"publish","type":"post","link":"https:\/\/gerardoduque.com.mx\/?p=44448","title":{"rendered":"SALUD Y PREVENCI\u00d3N LLEGAN A COMUNIDADES ORIGINARIAS"},"content":{"rendered":"\n<p>Durante la jornada se impartieron charlas informativas para la prevenci\u00f3n y control del \u201cMal de Chagas\u201d y del gusano barrenador, subrayando la corresponsabilidad comunitaria en el cuidado del entorno, la salud y la seguridad colectiva. La participaci\u00f3n activa de las y los habitantes permiti\u00f3 reforzar pr\u00e1cticas que favorecen espacios m\u00e1s seguros y condiciones adecuadas para el desarrollo social, bajo un enfoque de atenci\u00f3n sin l\u00edmites.<\/p>\n\n\n\n<p>Este tipo de intervenciones reflejan el cambio que se vive y se siente en las comunidades ind\u00edgenas, donde la coordinaci\u00f3n institucional y el contacto directo con las familias permiten avanzar hacia mejores condiciones de vida.<\/p>\n\n\n\n<p>En la comunidad de Cuatlamay\u00e1n, municipio de Tancanhuitz, se llevaron a cabo jornadas preventivas orientadas a fortalecer entornos saludables en comunidades originarias, a trav\u00e9s de un trabajo conjunto entre el Instituto de Desarrollo Humano y Social de los Pueblos y Comunidades Ind\u00edgenas (Indepi), los Servicios de Salud y la Secretar\u00eda de Desarrollo Agropecuario y Recursos Hidr\u00e1ulicos (Sedarh). Estas acciones responden a la prioridad que ha marcado el Gobernador Ricardo Gallardo Cardona de acercar servicios y atenci\u00f3n integral a las regiones hist\u00f3ricamente rezagadas.<\/p>\n\n\n\n<p>Durante la jornada se impartieron charlas informativas para la prevenci\u00f3n y control del \u201cMal de Chagas\u201d y del gusano barrenador, subrayando la corresponsabilidad comunitaria en el cuidado del entorno, la salud y la seguridad colectiva. La participaci\u00f3n activa de las y los habitantes permiti\u00f3 reforzar pr\u00e1cticas que favorecen espacios m\u00e1s seguros y condiciones adecuadas para el desarrollo social, bajo un enfoque de atenci\u00f3n sin l\u00edmites.<\/p>\n\n\n\n<p>Este tipo de intervenciones reflejan el cambio que se vive y se siente en las comunidades ind\u00edgenas, donde la coordinaci\u00f3n institucional y el contacto directo con las familias permiten avanzar hacia mejores condiciones de vida.<\/p>\n","protected":false},"excerpt":{"rendered":"<p>En Cuatlamay\u00e1n, municipio de Tancanhuitz, se realizaron jornadas preventivas de salud para informar sobre el Mal de Chagas y el gusano barrenador, con participaci\u00f3n de dependencias estatales.<\/p>\n<p>Las acciones forman parte de la estrategia del gobernador Ricardo Gallardo Cardona para acercar servicios y mejorar las condiciones de vida en comunidades ind\u00edgenas.<\/p>\n","protected":false},"author":4,"featured_media":44449,"comment_status":"closed","ping_status":"closed","sticky":false,"template":"","format":"standard","meta":{"_et_pb_use_builder":"off","_et_pb_old_content":"","_et_gb_content_width":"","footnotes":""},"categories":[62,280],"tags":[],"class_list":["post-44448","post","type-post","status-publish","format-standard","has-post-thumbnail","hentry","category-redaccion","category-gob-slp"],"_links":{"self":[{"href":"https:\/\/gerardoduque.com.mx\/index.php?rest_route=\/wp\/v2\/posts\/44448","targetHints":{"allow":["GET"]}}],"collection":[{"href":"https:\/\/gerardoduque.com.mx\/index.php?rest_route=\/wp\/v2\/posts"}],"about":[{"href":"https:\/\/gerardoduque.com.mx\/index.php?rest_route=\/wp\/v2\/types\/post"}],"author":[{"embeddable":true,"href":"https:\/\/gerardoduque.com.mx\/index.php?rest_route=\/wp\/v2\/users\/4"}],"replies":[{"embeddable":true,"href":"https:\/\/gerardoduque.com.mx\/index.php?rest_route=%2Fwp%2Fv2%2Fcomments&post=44448"}],"version-history":[{"count":0,"href":"https:\/\/gerardoduque.com.mx\/index.php?rest_route=\/wp\/v2\/posts\/44448\/revisions"}],"wp:featuredmedia":[{"embeddable":true,"href":"https:\/\/gerardoduque.com.mx\/index.php?rest_route=\/wp\/v2\/media\/44449"}],"wp:attachment":[{"href":"https:\/\/gerardoduque.com.mx\/index.php?rest_route=%2Fwp%2Fv2%2Fmedia&parent=44448"}],"wp:term":[{"taxonomy":"category","embeddable":true,"href":"https:\/\/gerardoduque.com.mx\/index.php?rest_route=%2Fwp%2Fv2%2Fcategories&post=44448"},{"taxonomy":"post_tag","embeddable":true,"href":"https:\/\/gerardoduque.com.mx\/index.php?rest_route=%2Fwp%2Fv2%2Ftags&post=44448"}],"curies":[{"name":"wp","href":"https:\/\/api.w.org\/{rel}","templated":true}]}}