{"id":44444,"date":"2026-02-06T10:05:24","date_gmt":"2026-02-06T16:05:24","guid":{"rendered":"https:\/\/gerardoduque.com.mx\/?p=44444"},"modified":"2026-03-05T10:11:27","modified_gmt":"2026-03-05T16:11:27","slug":"abren-preinscripciones-en-el-instituto-estatal-de-ciegos","status":"publish","type":"post","link":"https:\/\/gerardoduque.com.mx\/?p=44444","title":{"rendered":"ABREN PREINSCRIPCIONES EN EL INSTITUTO ESTATAL DE CIEGOS"},"content":{"rendered":"\n<p>El Sistema Estatal para el Desarrollo Integral de la Familia (DIF) inform\u00f3 sobre el inicio del periodo de preinscripciones en el Instituto Estatal de Ciegos (IEC), un espacio que brinda atenci\u00f3n integral a ni\u00f1as y ni\u00f1os con ceguera o baja visi\u00f3n. Este esfuerzo se mantiene como parte de una pol\u00edtica social del Gobernador Ricardo Gallardo Cardona que ha dado prioridad a la inclusi\u00f3n y al acceso a servicios especializados, fortaleciendo sin l\u00edmites la atenci\u00f3n a los sectores con mayores necesidades.<\/p>\n\n\n\n<p>El Instituto ofrece servicios de educaci\u00f3n preescolar y primaria, as\u00ed como rehabilitaci\u00f3n f\u00edsica, terapia psicol\u00f3gica, atenci\u00f3n de enfermer\u00eda, talleres ocupacionales, m\u00fasica y educaci\u00f3n f\u00edsica, permitiendo que las y los menores cuenten con un acompa\u00f1amiento integral desde edades tempranas. La preinscripci\u00f3n requiere documentaci\u00f3n b\u00e1sica del alumno, como: CURP, acta de nacimiento, comprobante de domicilio, diagn\u00f3stico m\u00e9dico actual y seguimiento con especialista; y de madres, padres o tutores, como INE del padre, madre y las personas autorizar para ingresar o recoger a los alumnos, as\u00ed como carta laboral.<\/p>\n\n\n\n<p>El registro se realiza desde el 3 y hasta el 13 de febrero, en d\u00edas h\u00e1biles y en un horario de 9:00 a 13:00 horas, en las instalaciones ubicadas en Agust\u00edn Vera esquina Capit\u00e1n Caldera, colonia Jardines de la Rivera. La apertura de este proceso se suma a acciones que han impactado en el cambio que se vive y se siente en la atenci\u00f3n social dirigida a la ni\u00f1ez en San Luis Potos\u00ed.<\/p>\n","protected":false},"excerpt":{"rendered":"<p>El DIF Estatal anunci\u00f3 las preinscripciones en el Instituto Estatal de Ciegos (IEC) para ni\u00f1as y ni\u00f1os con ceguera o baja visi\u00f3n. El programa, impulsado por el gobernador Ricardo Gallardo Cardona, ofrece educaci\u00f3n y servicios de rehabilitaci\u00f3n.<\/p>\n<p>El registro se realiza del 3 al 13 de febrero, de 9:00 a 13:00 horas, con entrega de documentaci\u00f3n b\u00e1sica.<\/p>\n","protected":false},"author":4,"featured_media":44445,"comment_status":"closed","ping_status":"closed","sticky":false,"template":"","format":"standard","meta":{"_et_pb_use_builder":"off","_et_pb_old_content":"","_et_gb_content_width":"","footnotes":""},"categories":[62,280],"tags":[],"class_list":["post-44444","post","type-post","status-publish","format-standard","has-post-thumbnail","hentry","category-redaccion","category-gob-slp"],"_links":{"self":[{"href":"https:\/\/gerardoduque.com.mx\/index.php?rest_route=\/wp\/v2\/posts\/44444","targetHints":{"allow":["GET"]}}],"collection":[{"href":"https:\/\/gerardoduque.com.mx\/index.php?rest_route=\/wp\/v2\/posts"}],"about":[{"href":"https:\/\/gerardoduque.com.mx\/index.php?rest_route=\/wp\/v2\/types\/post"}],"author":[{"embeddable":true,"href":"https:\/\/gerardoduque.com.mx\/index.php?rest_route=\/wp\/v2\/users\/4"}],"replies":[{"embeddable":true,"href":"https:\/\/gerardoduque.com.mx\/index.php?rest_route=%2Fwp%2Fv2%2Fcomments&post=44444"}],"version-history":[{"count":0,"href":"https:\/\/gerardoduque.com.mx\/index.php?rest_route=\/wp\/v2\/posts\/44444\/revisions"}],"wp:featuredmedia":[{"embeddable":true,"href":"https:\/\/gerardoduque.com.mx\/index.php?rest_route=\/wp\/v2\/media\/44445"}],"wp:attachment":[{"href":"https:\/\/gerardoduque.com.mx\/index.php?rest_route=%2Fwp%2Fv2%2Fmedia&parent=44444"}],"wp:term":[{"taxonomy":"category","embeddable":true,"href":"https:\/\/gerardoduque.com.mx\/index.php?rest_route=%2Fwp%2Fv2%2Fcategories&post=44444"},{"taxonomy":"post_tag","embeddable":true,"href":"https:\/\/gerardoduque.com.mx\/index.php?rest_route=%2Fwp%2Fv2%2Ftags&post=44444"}],"curies":[{"name":"wp","href":"https:\/\/api.w.org\/{rel}","templated":true}]}}