{"id":44428,"date":"2026-02-21T00:43:50","date_gmt":"2026-02-21T06:43:50","guid":{"rendered":"https:\/\/gerardoduque.com.mx\/?p=44428"},"modified":"2026-03-05T00:47:52","modified_gmt":"2026-03-05T06:47:52","slug":"responde-estado-con-acciones-oportunas-ante-incendios","status":"publish","type":"post","link":"https:\/\/gerardoduque.com.mx\/?p=44428","title":{"rendered":"RESPONDE ESTADO CON ACCIONES OPORTUNAS ANTE INCENDIOS"},"content":{"rendered":"\n<p>El Gobernador Ricardo Gallardo Cardona ha instruido mantener una respuesta permanente ante emergencias, por lo que a trav\u00e9s de la Coordinaci\u00f3n Estatal de Protecci\u00f3n Civil (CEPC) se atiende de manera puntual diversos incendios registrados en distintas regiones de San Luis Potos\u00ed. Uno de los siniestros ocurri\u00f3 en la comunidad El \u00c1guila, en el municipio de Villa de Arriaga, donde el personal intervino para contener un incendio agr\u00edcola, priorizando la seguridad de las familias y la protecci\u00f3n del entorno sin l\u00edmites.<\/p>\n\n\n\n<p>Asimismo, en la comunidad de San Carlos, en Guadalc\u00e1zar, se trabaja en el control de un incendio forestal que presenta un control superior al 30 por ciento, con una superficie afectada de aproximadamente 30 hect\u00e1reas. Estas labores se desarrollan en coordinaci\u00f3n con autoridades municipales y la Comisi\u00f3n Nacional Forestal (CONAFOR), sumando capacidades para contener el fuego y evitar mayores afectaciones, como parte del cambio que se vive y se siente en la atenci\u00f3n eficaz a contingencias.<\/p>\n\n\n\n<p>De igual forma, en la comunidad El Tejocote, en Villa de Reyes, el incendio registrado fue liquidado tras la intervenci\u00f3n oportuna de las brigadas. Las acciones contin\u00faan con labores de supervisi\u00f3n para prevenir riesgos adicionales, reafirmando el compromiso de salvaguardar a la poblaci\u00f3n y los recursos naturales del Estado.<\/p>\n","protected":false},"excerpt":{"rendered":"<p>La Coordinaci\u00f3n Estatal de Protecci\u00f3n Civil atiende diversos incendios en San Luis Potos\u00ed, siguiendo la instrucci\u00f3n del gobernador Ricardo Gallardo Cardona de mantener una respuesta permanente ante emergencias. Entre los siniestros se encuentra un incendio agr\u00edcola en El \u00c1guila, un incendio forestal en San Carlos, y un incendio en El Tejocote, en coordinaci\u00f3n con autoridades municipales y la Comisi\u00f3n Nacional Forestal, priorizando la seguridad de las familias y la protecci\u00f3n del medio ambiente.<\/p>\n","protected":false},"author":4,"featured_media":44429,"comment_status":"closed","ping_status":"closed","sticky":false,"template":"","format":"standard","meta":{"_et_pb_use_builder":"off","_et_pb_old_content":"","_et_gb_content_width":"","footnotes":""},"categories":[62,280],"tags":[],"class_list":["post-44428","post","type-post","status-publish","format-standard","has-post-thumbnail","hentry","category-redaccion","category-gob-slp"],"_links":{"self":[{"href":"https:\/\/gerardoduque.com.mx\/index.php?rest_route=\/wp\/v2\/posts\/44428","targetHints":{"allow":["GET"]}}],"collection":[{"href":"https:\/\/gerardoduque.com.mx\/index.php?rest_route=\/wp\/v2\/posts"}],"about":[{"href":"https:\/\/gerardoduque.com.mx\/index.php?rest_route=\/wp\/v2\/types\/post"}],"author":[{"embeddable":true,"href":"https:\/\/gerardoduque.com.mx\/index.php?rest_route=\/wp\/v2\/users\/4"}],"replies":[{"embeddable":true,"href":"https:\/\/gerardoduque.com.mx\/index.php?rest_route=%2Fwp%2Fv2%2Fcomments&post=44428"}],"version-history":[{"count":0,"href":"https:\/\/gerardoduque.com.mx\/index.php?rest_route=\/wp\/v2\/posts\/44428\/revisions"}],"wp:featuredmedia":[{"embeddable":true,"href":"https:\/\/gerardoduque.com.mx\/index.php?rest_route=\/wp\/v2\/media\/44429"}],"wp:attachment":[{"href":"https:\/\/gerardoduque.com.mx\/index.php?rest_route=%2Fwp%2Fv2%2Fmedia&parent=44428"}],"wp:term":[{"taxonomy":"category","embeddable":true,"href":"https:\/\/gerardoduque.com.mx\/index.php?rest_route=%2Fwp%2Fv2%2Fcategories&post=44428"},{"taxonomy":"post_tag","embeddable":true,"href":"https:\/\/gerardoduque.com.mx\/index.php?rest_route=%2Fwp%2Fv2%2Ftags&post=44428"}],"curies":[{"name":"wp","href":"https:\/\/api.w.org\/{rel}","templated":true}]}}