{"id":44425,"date":"2026-02-21T00:38:01","date_gmt":"2026-02-21T06:38:01","guid":{"rendered":"https:\/\/gerardoduque.com.mx\/?p=44425"},"modified":"2026-03-05T00:41:02","modified_gmt":"2026-03-05T06:41:02","slug":"adultos-mayores-reciben-proteccion-y-atencion-integral-tras-clausura-de-asilo","status":"publish","type":"post","link":"https:\/\/gerardoduque.com.mx\/?p=44425","title":{"rendered":"ADULTOS MAYORES RECIBEN PROTECCI\u00d3N Y ATENCI\u00d3N INTEGRAL TRAS CLAUSURA DE ASILO"},"content":{"rendered":"\n<p>Bajo la instrucci\u00f3n del Gobernador Ricardo Gallardo Cardona, el Sistema Estatal para el Desarrollo Integral de la Familia (DIF) brinda atenci\u00f3n integral a 22 adultos mayores canalizados a la Casa de los Potosinos, tras el operativo interinstitucional en La Aldea de los Abuelos. El cuidado incluye acompa\u00f1amiento psicol\u00f3gico, trabajo social y asistencia jur\u00eddica, asegurando la protecci\u00f3n de su bienestar y favoreciendo entornos dignos y seguros.<\/p>\n\n\n\n<p>Cada caso recibe seguimiento individualizado para garantizar estabilidad, atender necesidades espec\u00edficas y, cuando corresponda, facilitar la reintegraci\u00f3n familiar en condiciones \u00f3ptimas. Estas acciones reflejan un compromiso con la seguridad y la calidad de vida de quienes m\u00e1s lo necesitan, evidenciando el cambio que se vive y se siente en la atenci\u00f3n a la poblaci\u00f3n vulnerable.<\/p>\n\n\n\n<p>El Gobierno del Estado reafirma su compromiso sin l\u00edmites de proteger a todas las personas adultas mayores que requieran intervenci\u00f3n inmediata, asegurando atenci\u00f3n f\u00edsica, mental y emocional, y respetando de manera plena su dignidad.<\/p>\n","protected":false},"excerpt":{"rendered":"<p>El Sistema Estatal para el Desarrollo Integral de la Familia brinda atenci\u00f3n integral a 22 adultos mayores en la Casa de los Potosinos, tras un operativo interinstitucional en La Aldea de los Abuelos. El cuidado incluye acompa\u00f1amiento psicol\u00f3gico, trabajo social y asistencia jur\u00eddica, con seguimiento individualizado para garantizar bienestar, seguridad y, cuando procede, reintegraci\u00f3n familiar, reafirmando el compromiso del Gobierno del Estado con la protecci\u00f3n de la poblaci\u00f3n vulnerable.<\/p>\n","protected":false},"author":4,"featured_media":44426,"comment_status":"closed","ping_status":"closed","sticky":false,"template":"","format":"standard","meta":{"_et_pb_use_builder":"off","_et_pb_old_content":"","_et_gb_content_width":"","footnotes":""},"categories":[62,280],"tags":[],"class_list":["post-44425","post","type-post","status-publish","format-standard","has-post-thumbnail","hentry","category-redaccion","category-gob-slp"],"_links":{"self":[{"href":"https:\/\/gerardoduque.com.mx\/index.php?rest_route=\/wp\/v2\/posts\/44425","targetHints":{"allow":["GET"]}}],"collection":[{"href":"https:\/\/gerardoduque.com.mx\/index.php?rest_route=\/wp\/v2\/posts"}],"about":[{"href":"https:\/\/gerardoduque.com.mx\/index.php?rest_route=\/wp\/v2\/types\/post"}],"author":[{"embeddable":true,"href":"https:\/\/gerardoduque.com.mx\/index.php?rest_route=\/wp\/v2\/users\/4"}],"replies":[{"embeddable":true,"href":"https:\/\/gerardoduque.com.mx\/index.php?rest_route=%2Fwp%2Fv2%2Fcomments&post=44425"}],"version-history":[{"count":0,"href":"https:\/\/gerardoduque.com.mx\/index.php?rest_route=\/wp\/v2\/posts\/44425\/revisions"}],"wp:featuredmedia":[{"embeddable":true,"href":"https:\/\/gerardoduque.com.mx\/index.php?rest_route=\/wp\/v2\/media\/44426"}],"wp:attachment":[{"href":"https:\/\/gerardoduque.com.mx\/index.php?rest_route=%2Fwp%2Fv2%2Fmedia&parent=44425"}],"wp:term":[{"taxonomy":"category","embeddable":true,"href":"https:\/\/gerardoduque.com.mx\/index.php?rest_route=%2Fwp%2Fv2%2Fcategories&post=44425"},{"taxonomy":"post_tag","embeddable":true,"href":"https:\/\/gerardoduque.com.mx\/index.php?rest_route=%2Fwp%2Fv2%2Ftags&post=44425"}],"curies":[{"name":"wp","href":"https:\/\/api.w.org\/{rel}","templated":true}]}}