{"id":44422,"date":"2026-02-21T00:34:02","date_gmt":"2026-02-21T06:34:02","guid":{"rendered":"https:\/\/gerardoduque.com.mx\/?p=44422"},"modified":"2026-03-05T00:37:10","modified_gmt":"2026-03-05T06:37:10","slug":"gobierno-estatal-protege-a-la-poblacion-y-al-entorno-natural","status":"publish","type":"post","link":"https:\/\/gerardoduque.com.mx\/?p=44422","title":{"rendered":"GOBIERNO ESTATAL PROTEGE A LA POBLACI\u00d3N Y AL ENTORNO NATURAL"},"content":{"rendered":"\n<p>Siguiendo la instrucci\u00f3n del Gobernador del Estado, Ricardo Gallardo Cardona, la Comisi\u00f3n Estatal del Agua (CEA) se sum\u00f3 a las labores de combate a los incendios en Mexquitic de Carmona, aportando tres camiones cisterna de 20 mil litros cada uno para reforzar la atenci\u00f3n a la contingencia, como parte del cambio que se vive y se siente con un trabajo sin l\u00edmites por la protecci\u00f3n del entorno natural y de las familias.<\/p>\n\n\n\n<p>Las unidades contribuyeron a controlar y mitigar los efectos del fuego en las localidades de La Campana y Los L\u00f3pez, en coordinaci\u00f3n con la Coordinaci\u00f3n Estatal de Protecci\u00f3n Civil (CEPC) y la Secretar\u00eda de Ecolog\u00eda y Gesti\u00f3n Ambiental (Segam), fortaleciendo la respuesta interinstitucional.<\/p>\n\n\n\n<p>En total se destinaron 120 mil litros de agua para avanzar en el control total de los siniestros, reafirmando el compromiso del Gobierno del Estado de trabajar de manera coordinada para salvaguardar a la poblaci\u00f3n y preservar el entorno natural.<\/p>\n","protected":false},"excerpt":{"rendered":"<p>La Comisi\u00f3n Estatal del Agua apoy\u00f3 el combate a los incendios en Mexquitic de Carmona con tres camiones cisterna de 20 mil litros cada uno, destinando un total de 120 mil litros de agua. Las labores, coordinadas con la Coordinaci\u00f3n Estatal de Protecci\u00f3n Civil y la Secretar\u00eda de Ecolog\u00eda y Gesti\u00f3n Ambiental, contribuyeron a controlar el fuego en La Campana y Los L\u00f3pez, fortaleciendo la protecci\u00f3n de la poblaci\u00f3n y del entorno natural.<\/p>\n","protected":false},"author":4,"featured_media":44423,"comment_status":"closed","ping_status":"closed","sticky":false,"template":"","format":"standard","meta":{"_et_pb_use_builder":"off","_et_pb_old_content":"","_et_gb_content_width":"","footnotes":""},"categories":[62,280],"tags":[],"class_list":["post-44422","post","type-post","status-publish","format-standard","has-post-thumbnail","hentry","category-redaccion","category-gob-slp"],"_links":{"self":[{"href":"https:\/\/gerardoduque.com.mx\/index.php?rest_route=\/wp\/v2\/posts\/44422","targetHints":{"allow":["GET"]}}],"collection":[{"href":"https:\/\/gerardoduque.com.mx\/index.php?rest_route=\/wp\/v2\/posts"}],"about":[{"href":"https:\/\/gerardoduque.com.mx\/index.php?rest_route=\/wp\/v2\/types\/post"}],"author":[{"embeddable":true,"href":"https:\/\/gerardoduque.com.mx\/index.php?rest_route=\/wp\/v2\/users\/4"}],"replies":[{"embeddable":true,"href":"https:\/\/gerardoduque.com.mx\/index.php?rest_route=%2Fwp%2Fv2%2Fcomments&post=44422"}],"version-history":[{"count":0,"href":"https:\/\/gerardoduque.com.mx\/index.php?rest_route=\/wp\/v2\/posts\/44422\/revisions"}],"wp:featuredmedia":[{"embeddable":true,"href":"https:\/\/gerardoduque.com.mx\/index.php?rest_route=\/wp\/v2\/media\/44423"}],"wp:attachment":[{"href":"https:\/\/gerardoduque.com.mx\/index.php?rest_route=%2Fwp%2Fv2%2Fmedia&parent=44422"}],"wp:term":[{"taxonomy":"category","embeddable":true,"href":"https:\/\/gerardoduque.com.mx\/index.php?rest_route=%2Fwp%2Fv2%2Fcategories&post=44422"},{"taxonomy":"post_tag","embeddable":true,"href":"https:\/\/gerardoduque.com.mx\/index.php?rest_route=%2Fwp%2Fv2%2Ftags&post=44422"}],"curies":[{"name":"wp","href":"https:\/\/api.w.org\/{rel}","templated":true}]}}