{"id":44415,"date":"2026-02-12T00:19:00","date_gmt":"2026-02-12T06:19:00","guid":{"rendered":"https:\/\/gerardoduque.com.mx\/?p=44415"},"modified":"2026-03-05T00:22:07","modified_gmt":"2026-03-05T06:22:07","slug":"dif-y-universidad-politecnica-fortalecen-a-familias","status":"publish","type":"post","link":"https:\/\/gerardoduque.com.mx\/?p=44415","title":{"rendered":"DIF Y UNIVERSIDAD POLIT\u00c9CNICA FORTALECEN A FAMILIAS"},"content":{"rendered":"\n<p>Como parte del cambio que se vive y se siente en San Luis Potos\u00ed, impulsado por el Gobernador Ricardo Gallardo Cardona, el Sistema Estatal para el Desarrollo Integral de la Familia (DIF) y la Universidad Polit\u00e9cnica de San Luis Potos\u00ed firmaron un convenio que fortalece la asistencia social sin l\u00edmites en las cuatro regiones del estado.<\/p>\n\n\n\n<p>Este acuerdo permitir\u00e1 que las y los estudiantes participen en programas, proyectos y acciones de voluntariado, aportando sus conocimientos y vocaci\u00f3n de servicio en beneficio directo de quienes m\u00e1s lo necesitan, ampliando as\u00ed la cobertura y el alcance de los apoyos institucionales.<\/p>\n\n\n\n<p>La directora general del DIF Estatal, Virginia Z\u00fa\u00f1iga Maldonado, destac\u00f3 que la vinculaci\u00f3n con el sector educativo fortalece la atenci\u00f3n cercana y solidaria a las familias, mientras que el rector N\u00e9stor Eduardo Garza \u00c1lvarez reafirm\u00f3 el compromiso de la universidad con el desarrollo social, consolidando una alianza estrat\u00e9gica al servicio de San Luis Potos\u00ed.<\/p>\n","protected":false},"excerpt":{"rendered":"<p>El Sistema Estatal para el Desarrollo Integral de la Familia y la Universidad Polit\u00e9cnica de San Luis Potos\u00ed firmaron un convenio de colaboraci\u00f3n para fortalecer la asistencia social en el estado. El acuerdo permitir\u00e1 que estudiantes participen en programas y acciones de voluntariado, contribuyendo con sus conocimientos al apoyo de familias y sectores vulnerables en San Luis Potos\u00ed.<\/p>\n","protected":false},"author":4,"featured_media":44416,"comment_status":"closed","ping_status":"closed","sticky":false,"template":"","format":"standard","meta":{"_et_pb_use_builder":"off","_et_pb_old_content":"","_et_gb_content_width":"","footnotes":""},"categories":[62,280],"tags":[],"class_list":["post-44415","post","type-post","status-publish","format-standard","has-post-thumbnail","hentry","category-redaccion","category-gob-slp"],"_links":{"self":[{"href":"https:\/\/gerardoduque.com.mx\/index.php?rest_route=\/wp\/v2\/posts\/44415","targetHints":{"allow":["GET"]}}],"collection":[{"href":"https:\/\/gerardoduque.com.mx\/index.php?rest_route=\/wp\/v2\/posts"}],"about":[{"href":"https:\/\/gerardoduque.com.mx\/index.php?rest_route=\/wp\/v2\/types\/post"}],"author":[{"embeddable":true,"href":"https:\/\/gerardoduque.com.mx\/index.php?rest_route=\/wp\/v2\/users\/4"}],"replies":[{"embeddable":true,"href":"https:\/\/gerardoduque.com.mx\/index.php?rest_route=%2Fwp%2Fv2%2Fcomments&post=44415"}],"version-history":[{"count":0,"href":"https:\/\/gerardoduque.com.mx\/index.php?rest_route=\/wp\/v2\/posts\/44415\/revisions"}],"wp:featuredmedia":[{"embeddable":true,"href":"https:\/\/gerardoduque.com.mx\/index.php?rest_route=\/wp\/v2\/media\/44416"}],"wp:attachment":[{"href":"https:\/\/gerardoduque.com.mx\/index.php?rest_route=%2Fwp%2Fv2%2Fmedia&parent=44415"}],"wp:term":[{"taxonomy":"category","embeddable":true,"href":"https:\/\/gerardoduque.com.mx\/index.php?rest_route=%2Fwp%2Fv2%2Fcategories&post=44415"},{"taxonomy":"post_tag","embeddable":true,"href":"https:\/\/gerardoduque.com.mx\/index.php?rest_route=%2Fwp%2Fv2%2Ftags&post=44415"}],"curies":[{"name":"wp","href":"https:\/\/api.w.org\/{rel}","templated":true}]}}