{"id":44399,"date":"2026-02-12T23:52:33","date_gmt":"2026-02-13T05:52:33","guid":{"rendered":"https:\/\/gerardoduque.com.mx\/?p=44399"},"modified":"2026-03-04T23:57:08","modified_gmt":"2026-03-05T05:57:08","slug":"gobierno-del-estado-refuerza-operativo-contra-incendio-en-santo-domingo","status":"publish","type":"post","link":"https:\/\/gerardoduque.com.mx\/?p=44399","title":{"rendered":"GOBIERNO DEL ESTADO REFUERZA OPERATIVO CONTRA INCENDIO EN SANTO DOMINGO"},"content":{"rendered":"\n<p>Por instrucci\u00f3n del Gobernador Ricardo Gallardo Cardona, en la comunidad de San Francisco, municipio de Santo Domingo, la Coordinaci\u00f3n Estatal de Protecci\u00f3n Civil mantiene un despliegue operativo intenso para controlar el incendio forestal que afecta la regi\u00f3n. M\u00e1s de 292 brigadistas, entre voluntarios y autoridades de distintos niveles de Gobierno, trabajan de manera coordinada en la l\u00ednea de fuego, logrando un 40 por ciento de control y un 25 por ciento de liquidaci\u00f3n.<\/p>\n\n\n\n<p>La participaci\u00f3n de personal especializado, autoridades municipales y comuneros voluntarios refleja el cambio que se vive y se siente en la atenci\u00f3n a emergencias, fortaleciendo la protecci\u00f3n de la poblaci\u00f3n y del patrimonio natural de la zona. Las acciones se enfocan en la liquidaci\u00f3n de puntos cr\u00edticos para evitar la propagaci\u00f3n por el viento, demostrando un compromiso sin l\u00edmites en la seguridad de las comunidades y en la conservaci\u00f3n del medio ambiente.<\/p>\n","protected":false},"excerpt":{"rendered":"<p>La Coordinaci\u00f3n Estatal de Protecci\u00f3n Civil mantiene un operativo para controlar un incendio forestal en la comunidad de San Francisco, en Santo Domingo. M\u00e1s de 292 brigadistas trabajan en la zona, logrando un 40 % de control y 25 % de liquidaci\u00f3n del fuego, con acciones enfocadas en evitar su propagaci\u00f3n y proteger a las comunidades y al entorno natural.<\/p>\n","protected":false},"author":4,"featured_media":44400,"comment_status":"closed","ping_status":"closed","sticky":false,"template":"","format":"standard","meta":{"_et_pb_use_builder":"off","_et_pb_old_content":"","_et_gb_content_width":"","footnotes":""},"categories":[62,280],"tags":[],"class_list":["post-44399","post","type-post","status-publish","format-standard","has-post-thumbnail","hentry","category-redaccion","category-gob-slp"],"_links":{"self":[{"href":"https:\/\/gerardoduque.com.mx\/index.php?rest_route=\/wp\/v2\/posts\/44399","targetHints":{"allow":["GET"]}}],"collection":[{"href":"https:\/\/gerardoduque.com.mx\/index.php?rest_route=\/wp\/v2\/posts"}],"about":[{"href":"https:\/\/gerardoduque.com.mx\/index.php?rest_route=\/wp\/v2\/types\/post"}],"author":[{"embeddable":true,"href":"https:\/\/gerardoduque.com.mx\/index.php?rest_route=\/wp\/v2\/users\/4"}],"replies":[{"embeddable":true,"href":"https:\/\/gerardoduque.com.mx\/index.php?rest_route=%2Fwp%2Fv2%2Fcomments&post=44399"}],"version-history":[{"count":0,"href":"https:\/\/gerardoduque.com.mx\/index.php?rest_route=\/wp\/v2\/posts\/44399\/revisions"}],"wp:featuredmedia":[{"embeddable":true,"href":"https:\/\/gerardoduque.com.mx\/index.php?rest_route=\/wp\/v2\/media\/44400"}],"wp:attachment":[{"href":"https:\/\/gerardoduque.com.mx\/index.php?rest_route=%2Fwp%2Fv2%2Fmedia&parent=44399"}],"wp:term":[{"taxonomy":"category","embeddable":true,"href":"https:\/\/gerardoduque.com.mx\/index.php?rest_route=%2Fwp%2Fv2%2Fcategories&post=44399"},{"taxonomy":"post_tag","embeddable":true,"href":"https:\/\/gerardoduque.com.mx\/index.php?rest_route=%2Fwp%2Fv2%2Ftags&post=44399"}],"curies":[{"name":"wp","href":"https:\/\/api.w.org\/{rel}","templated":true}]}}