{"id":44393,"date":"2026-02-19T23:43:49","date_gmt":"2026-02-20T05:43:49","guid":{"rendered":"https:\/\/gerardoduque.com.mx\/?p=44393"},"modified":"2026-03-04T23:47:04","modified_gmt":"2026-03-05T05:47:04","slug":"san-luis-refuerza-igualdad-en-la-educacion","status":"publish","type":"post","link":"https:\/\/gerardoduque.com.mx\/?p=44393","title":{"rendered":"SAN LUIS REFUERZA IGUALDAD EN LA EDUCACI\u00d3N"},"content":{"rendered":"\n<p>Siguiendo la instrucci\u00f3n del Gobernador del Estado, Ricardo Gallardo Cardona, de impulsar sin l\u00edmites la formaci\u00f3n en temas de igualdad y diversidad, la Secretar\u00eda de las Mujeres e Igualdad Sustantiva (Semujeres), capacit\u00f3 a 12 docentes de la Unidad de Servicios de Apoyo a la Educaci\u00f3n Regular (USAER), con la exposici\u00f3n \u201cLa diversidad nos incluye a todas, todos y todes\u201d, reforzando la inclusi\u00f3n y el respeto en las escuelas del Estado.<\/p>\n\n\n\n<p>La encargada de despacho de la dependencia, Gloria Serrato S\u00e1nchez, explic\u00f3 que la capacitaci\u00f3n abord\u00f3 temas como la diferencia entre sexo y g\u00e9nero, uso correcto de pronombres, identidad y expresi\u00f3n de g\u00e9nero, orientaci\u00f3n sexual y conceptos relacionados con la diversidad y el acr\u00f3nimo LGBTTTIQ+, fomentando un ambiente educativo respetuoso e inclusivo.<\/p>\n\n\n\n<p>Estas capacitaciones continuar\u00e1n durante todo el a\u00f1o en las cuatro regiones, consolidando el compromiso del Gobierno Estatal con la formaci\u00f3n docente y consolidando el cambio que se vive y se siente hac\u00eda una sociedad m\u00e1s igualitaria y libre de discriminaci\u00f3n. Las personas interesadas en el cat\u00e1logo de capacitaciones pueden comunicarse al 444 144 29 20, enviar un correo a centrodeformacion.semujeresslp@gmail.com o consultar las redes sociales.<\/p>\n","protected":false},"excerpt":{"rendered":"<p>La Secretar\u00eda de las Mujeres e Igualdad Sustantiva capacit\u00f3 a 12 docentes de la Unidad de Servicios de Apoyo a la Educaci\u00f3n Regular con la charla \u201cLa diversidad nos incluye a todas, todos y todes\u201d, abordando temas de identidad de g\u00e9nero, orientaci\u00f3n sexual e inclusi\u00f3n. La capacitaci\u00f3n busca fortalecer el respeto y la igualdad en las escuelas de San Luis Potos\u00ed y continuar\u00e1 durante el a\u00f1o en distintas regiones del estado.<\/p>\n","protected":false},"author":4,"featured_media":44394,"comment_status":"closed","ping_status":"closed","sticky":false,"template":"","format":"standard","meta":{"_et_pb_use_builder":"off","_et_pb_old_content":"","_et_gb_content_width":"","footnotes":""},"categories":[62,280],"tags":[],"class_list":["post-44393","post","type-post","status-publish","format-standard","has-post-thumbnail","hentry","category-redaccion","category-gob-slp"],"_links":{"self":[{"href":"https:\/\/gerardoduque.com.mx\/index.php?rest_route=\/wp\/v2\/posts\/44393","targetHints":{"allow":["GET"]}}],"collection":[{"href":"https:\/\/gerardoduque.com.mx\/index.php?rest_route=\/wp\/v2\/posts"}],"about":[{"href":"https:\/\/gerardoduque.com.mx\/index.php?rest_route=\/wp\/v2\/types\/post"}],"author":[{"embeddable":true,"href":"https:\/\/gerardoduque.com.mx\/index.php?rest_route=\/wp\/v2\/users\/4"}],"replies":[{"embeddable":true,"href":"https:\/\/gerardoduque.com.mx\/index.php?rest_route=%2Fwp%2Fv2%2Fcomments&post=44393"}],"version-history":[{"count":0,"href":"https:\/\/gerardoduque.com.mx\/index.php?rest_route=\/wp\/v2\/posts\/44393\/revisions"}],"wp:featuredmedia":[{"embeddable":true,"href":"https:\/\/gerardoduque.com.mx\/index.php?rest_route=\/wp\/v2\/media\/44394"}],"wp:attachment":[{"href":"https:\/\/gerardoduque.com.mx\/index.php?rest_route=%2Fwp%2Fv2%2Fmedia&parent=44393"}],"wp:term":[{"taxonomy":"category","embeddable":true,"href":"https:\/\/gerardoduque.com.mx\/index.php?rest_route=%2Fwp%2Fv2%2Fcategories&post=44393"},{"taxonomy":"post_tag","embeddable":true,"href":"https:\/\/gerardoduque.com.mx\/index.php?rest_route=%2Fwp%2Fv2%2Ftags&post=44393"}],"curies":[{"name":"wp","href":"https:\/\/api.w.org\/{rel}","templated":true}]}}