{"id":44389,"date":"2026-02-19T23:34:00","date_gmt":"2026-02-20T05:34:00","guid":{"rendered":"https:\/\/gerardoduque.com.mx\/?p=44389"},"modified":"2026-03-04T23:42:49","modified_gmt":"2026-03-05T05:42:49","slug":"san-luis-arranca-2026-con-mas-y-mejores-empleos","status":"publish","type":"post","link":"https:\/\/gerardoduque.com.mx\/?p=44389","title":{"rendered":"SAN LUIS ARRANCA 2026 CON M\u00c1S Y MEJORES EMPLEOS"},"content":{"rendered":"\n<p>Como resultado de las acciones promovidas por el Gobernador Ricardo Gallardo Cardona, San Luis Potos\u00ed abri\u00f3 2026 con la generaci\u00f3n de 2 mil 829 empleos formales en enero, para sumar 481 mil 061 trabajadores asegurados ante el Instituto Mexicano del Seguro Social (IMSS). La reactivaci\u00f3n posterior al ajuste t\u00e9cnico de diciembre confirma la fortaleza del aparato productivo y la confianza del sector empresarial en una econom\u00eda sin l\u00edmites en la creaci\u00f3n de oportunidades laborales.<\/p>\n\n\n\n<p>El comportamiento del mercado laboral sigui\u00f3 su patr\u00f3n estacional y permiti\u00f3 recuperar en un solo mes m\u00e1s de una tercera parte del ajuste previo. La agricultura y el sector primario aportaron mil 784 nuevas plazas, la construcci\u00f3n sum\u00f3 mil 123 empleos y los servicios sociales y comunales agregaron 818, mientras la industria de la transformaci\u00f3n mantuvo un desempe\u00f1o favorable.<\/p>\n\n\n\n<p>La entidad mantiene uno de los niveles de ocupaci\u00f3n m\u00e1s s\u00f3lidos del centro del pa\u00eds, sostenido por inversi\u00f3n nacional e internacional, la fortaleza de los sectores automotriz y manufacturero, y la expansi\u00f3n de la infraestructura log\u00edstica. El refuerzo de ferias de empleo, la formaci\u00f3n dual con empresas y los programas de inclusi\u00f3n laboral de la Secretar\u00eda del Trabajo y Previsi\u00f3n Social (STPS) acompa\u00f1an el cambio que se vive y se siente, enfocado en ampliar la estabilidad y la calidad del trabajo en el Estado.<\/p>\n","protected":false},"excerpt":{"rendered":"<p>San Luis Potos\u00ed inici\u00f3 2026 con la generaci\u00f3n de 2,829 empleos formales, alcanzando un total de 481,061 trabajadores registrados ante el Instituto Mexicano del Seguro Social. Sectores como agricultura, construcci\u00f3n y servicios impulsaron el crecimiento laboral, respaldado por la inversi\u00f3n y la fortaleza de las industrias automotriz y manufacturera. Estas cifras reflejan la recuperaci\u00f3n del empleo y el dinamismo econ\u00f3mico del estado.<\/p>\n","protected":false},"author":4,"featured_media":44390,"comment_status":"closed","ping_status":"closed","sticky":false,"template":"","format":"standard","meta":{"_et_pb_use_builder":"off","_et_pb_old_content":"","_et_gb_content_width":"","footnotes":""},"categories":[62,280],"tags":[],"class_list":["post-44389","post","type-post","status-publish","format-standard","has-post-thumbnail","hentry","category-redaccion","category-gob-slp"],"_links":{"self":[{"href":"https:\/\/gerardoduque.com.mx\/index.php?rest_route=\/wp\/v2\/posts\/44389","targetHints":{"allow":["GET"]}}],"collection":[{"href":"https:\/\/gerardoduque.com.mx\/index.php?rest_route=\/wp\/v2\/posts"}],"about":[{"href":"https:\/\/gerardoduque.com.mx\/index.php?rest_route=\/wp\/v2\/types\/post"}],"author":[{"embeddable":true,"href":"https:\/\/gerardoduque.com.mx\/index.php?rest_route=\/wp\/v2\/users\/4"}],"replies":[{"embeddable":true,"href":"https:\/\/gerardoduque.com.mx\/index.php?rest_route=%2Fwp%2Fv2%2Fcomments&post=44389"}],"version-history":[{"count":0,"href":"https:\/\/gerardoduque.com.mx\/index.php?rest_route=\/wp\/v2\/posts\/44389\/revisions"}],"wp:featuredmedia":[{"embeddable":true,"href":"https:\/\/gerardoduque.com.mx\/index.php?rest_route=\/wp\/v2\/media\/44390"}],"wp:attachment":[{"href":"https:\/\/gerardoduque.com.mx\/index.php?rest_route=%2Fwp%2Fv2%2Fmedia&parent=44389"}],"wp:term":[{"taxonomy":"category","embeddable":true,"href":"https:\/\/gerardoduque.com.mx\/index.php?rest_route=%2Fwp%2Fv2%2Fcategories&post=44389"},{"taxonomy":"post_tag","embeddable":true,"href":"https:\/\/gerardoduque.com.mx\/index.php?rest_route=%2Fwp%2Fv2%2Ftags&post=44389"}],"curies":[{"name":"wp","href":"https:\/\/api.w.org\/{rel}","templated":true}]}}